{"id":1179,"date":"2021-04-20T15:56:10","date_gmt":"2021-04-20T13:56:10","guid":{"rendered":"https:\/\/www.coparentalys.com\/blog\/?p=1179"},"modified":"2021-04-20T15:56:10","modified_gmt":"2021-04-20T13:56:10","slug":"la-coparentalite-pendant-le-covid-19","status":"publish","type":"post","link":"https:\/\/www.coparentalys.com\/blog\/2021\/04\/20\/la-coparentalite-pendant-le-covid-19\/","title":{"rendered":"La coparentalit\u00e9 pendant le covid\u00a019"},"content":{"rendered":"<p>La garde partag\u00e9e d\u2019un enfant peut vite devenir probl\u00e9matique avec la crise sanitaire. Diff\u00e9rentes questions sont r\u00e9currentes chez les parents, comme la possibilit\u00e9 d\u2019une r\u00e9sidence partag\u00e9e ou la nouvelle organisation <b>pendant le confinement<\/b>. Il peut \u00eatre n\u00e9cessaire d\u2019instaurer de nouvelles habitudes afin d\u2019\u00e9viter la transmission du virus. Toutefois, pour \u00e9viter de d\u00e9stabiliser l\u2019esprit de votre enfant, il serait judicieux de voir certains compromis possibles et copier sur certains parents qui ont r\u00e9ussi cette <b>coparentalit\u00e9 en plein covid\u00a019<\/b>. Aussi, si vous rencontrez des probl\u00e8mes avec l\u2019autre parent de votre enfant, vous devriez connaitre certaines informations inscrites dans cet article.<\/p>\n<h1><span style=\"color: #ff9900;\">Les lois et les interdictions dues aux confinements<\/span><\/h1>\n<p>Si le gouvernement a pris diff\u00e9rentes dispositions dans le cadre de la lutte contre le Covid\u00a019, la <b>garde partag\u00e9e<\/b> n\u2019en fait pas partie. En effet, Marlene Schiappa, ministre de l\u2019Int\u00e9rieur soutient que la visite ou le raccompagnement d\u2019un enfant en r\u00e9sidence partag\u00e9e compte parmi les d\u00e9placements essentiels. Ainsi, les parents n\u2019ont aucun souci \u00e0 se faire du c\u00f4t\u00e9 de la loi.<\/p>\n<p>De plus, la <b>pr\u00e9sence active de chaque parent dans la vie de l\u2019enfant<\/b> est ordonn\u00e9e par la loi. De ce fait, aucun parent d\u00e9sireux de jouir de son autorit\u00e9 parentale ne doit se voir refuser le droit de voir son enfant sous pr\u00e9texte de la pand\u00e9mie. Il va de soi qu\u2019en cas d\u2019apparition de sympt\u00f4mes du covid\u00a019, il serait sage de ni r\u00e9cup\u00e9rer les enfants ni les envoyer dans l\u2019autre domicile.<\/p>\n<p>La pand\u00e9mie du covid\u00a019 n\u2019emp\u00eache en rien l\u2019application du jugement du tribunal au sujet de la <b>garde partag\u00e9e<\/b>. Aucun parent n\u2019a le droit d\u2019interdire la visite de l\u2019autre parent par souci de transmission. Seul le juge aux affaires familiales est comp\u00e9tent pour changer les termes de ses d\u00e9cisions.<span class=\"Apple-converted-space\">\u00a0<\/span><\/p>\n<p>Par ailleurs, toutes les mesures d\u2019hygi\u00e8ne sont de rigueur pour les deux foyers. Il faut s\u2019assurer un lavage des mains fr\u00e9quent pour tout le monde et la d\u00e9sinfection de tous les recoins. Toutes personnes sorties pour les courses ou les d\u00e9placements essentiels doivent se pr\u00eater \u00e0 une d\u00e9sinfection au retour de la maison. Aussi, il faut respecter autant que possible la distanciation.<\/p>\n<h1><span style=\"color: #ff9900;\">Les risques d\u2019une garde monoparentale pendant le confinement<\/span><\/h1>\n<p>La <b>garde exclusive<\/b> n\u2019est pas interdite si les deux parents sont consentants ou que le JAF en d\u00e9cide ainsi. C\u2019est d\u2019autant plus s\u00e9curitaire de n\u2019exposer ni les parents ni les enfants \u00e0 la maladie. Il faudra organiser des appels vid\u00e9o tous les jours afin de se donner des nouvelles et de maintenir la relation. Cette garde exclusive exceptionnelle ne conf\u00e8re pas le droit au parent de prendre des d\u00e9cisions importantes seul au sujet de l\u2019enfant comme il est indiqu\u00e9 dans la loi de coparentalit\u00e9.<\/p>\n<p>M\u00eame si les transitions fr\u00e9quentes entre deux foyers pr\u00e9sentent des risques pour la sant\u00e9 physique, la sant\u00e9 psychologique peut \u00eatre victime de l\u2019absence d\u2019un parent. D\u2019autant plus qu\u2019avec un confinement qui s\u2019\u00e9ternise, l\u2019enfant peut ressentir un s\u00e9rieux manque. Il se voit priv\u00e9 de l\u2019\u00e9cole, de ses amis, et des autres membres de la <a href=\"https:\/\/www.coparentalys.com\/blog\/2023\/06\/30\/la-famille-traditionnelle-toujours-desirable\/\">famille<\/a>. Rayer un parent de sa liste de relation pourrait envenimer son \u00e9quilibre mental et entrainer une d\u00e9pression.<\/p>\n<p>La perte de <b>l\u2019autorit\u00e9 de l\u2019autre parent<\/b> \u00e9loign\u00e9 n\u2019est pas \u00e0 \u00e9carter parmi les risques d\u2019une garde exclusive. Pour qu\u2019une personne puisse exercer d\u2019une autorit\u00e9 naturelle \u00e0 l\u2019\u00e9gard de son enfant, il doit b\u00e9n\u00e9ficier d\u2019une relation r\u00e9guli\u00e8re avec celui-ci. Une s\u00e9paration de longue dur\u00e9e risquerait d\u2019alt\u00e9rer toute complicit\u00e9 entre l\u2019enfant et le parent en favorisant une pr\u00e9f\u00e9rence.<\/p>\n<p>Les tensions sont les plus grands maux de cette pand\u00e9mie. La premi\u00e8re cause est surement le sujet de celui qui aura la garde exclusive. Ensuite, il y a le manque de confiance envers l\u2019autre parent sur les <b>respects des mesures sanitaires<\/b>. Il y a aussi le doute sur l\u2019int\u00e9grit\u00e9 de la personne en garde. Une angoisse sur une mauvaise intention pour influencer l\u2019enfant \u00e0 choisir un parent \u00e0 un autre est chose courante chez les coparents.<\/p>\n<p>La crise sanitaire est d\u00e9j\u00e0 stressante en soi. Et devoir g\u00e9rer un ou des enfants ainsi que le t\u00e9l\u00e9travail peut entrainer des surmenages. Il n\u2019est pas rare que les parents, aussi aimants qu\u2019ils soient, rel\u00e2chent la pression sur les enfants. De ce fait, il serait b\u00e9n\u00e9fique pour les coparents et les enfants de s\u2019\u00e9changer les petits de temps en temps.<\/p>\n<h1><span style=\"color: #ff9900;\">Les solutions propos\u00e9es pour une meilleure organisation durant le confinement<\/span><\/h1>\n<p>La meilleure chose \u00e0 faire est de respecter la d\u00e9cision du juge au sujet de la garde des enfants. C\u2019est-\u00e0-dire que vous devriez continuer comme avant. De plus, ce d\u00e9placement familial est autoris\u00e9, alors autant en profiter. Seulement, il faudra faire tr\u00e8s attention aux r\u00e8gles d\u2019hygi\u00e8ne. Dans le cas o\u00f9 l\u2019un des coparents pr\u00e9sente des <b>sympt\u00f4mes du covid\u00a019<\/b> au moment de l\u2019\u00e9change, il serait mieux pour tout le monde que la transition soit report\u00e9e.<\/p>\n<p>Une id\u00e9e int\u00e9ressante serait de faire une rotation de 15 jours. \u00c9tant donn\u00e9 que le temps d\u2019incubation du virus dure environ 2 semaines, c\u2019est le temps d\u2019observation pour voir s\u2019il est possible de renvoyer l\u2019enfant chez l\u2019autre coparent. C\u2019est plus s\u00e9curitaire et chaque coparent a droit \u00e0 une dur\u00e9e de garde raisonnable. Cela permet de s\u2019organiser mieux et de passer du temps de qualit\u00e9 avec les enfants.<\/p>\n<p>Dans tous les cas, le dialogue est la premi\u00e8re chose \u00e0 faire avant toute organisation. Des parents s\u00e9par\u00e9s doivent agir comme une \u00e9quipe dans l\u2019\u00e9ducation des enfants. Toutes les d\u00e9cisions prises doivent s\u2019orienter vers le bien-\u00eatre de l\u2019enfant. Les parents doivent trouver le meilleur compromis pour chacun. En effet, il faudra prendre en compte une certaine disponibilit\u00e9 pour aider les enfants dans leurs \u00e9tudes \u00e0 distance. Il faut aussi consid\u00e9rer l\u2019\u00e9tat de sant\u00e9 de chacun. Dans le cas o\u00f9 l\u2019une des r\u00e9sidences h\u00e9berge une personne vuln\u00e9rable, il serait sage d\u2019arr\u00eater la transition ou trouver une solution ad\u00e9quate. La question financi\u00e8re doit \u00e9galement \u00eatre soulev\u00e9e surtout si les parents d\u00e9cident d\u2019une garde exclusive.<\/p>\n<p>Demander l\u2019avis des enfants serait aussi b\u00e9n\u00e9fique pour leur bien. De plus, c\u2019est un droit inscrit dans l\u2019article\u00a012 de la CIDE. Une <b>d\u00e9cision partag\u00e9e<\/b> peut faciliter l\u2019acceptation des nouvelles organisations. Dans tous les cas, il faut rester loyal et refuser la tentation d\u2019influencer les petits.<\/p>\n<h1><span style=\"color: #ff9900;\">Les proc\u00e9dures \u00e0 connaitre<\/span><\/h1>\n<p>Le parent qui r\u00e9cup\u00e8re ou raccompagne les enfants doit se munir d\u2019une attestation de d\u00e9placement d\u00e9rogatoire. Il doit cocher la case pr\u00e9vue \u00e0 cet effet. Il faut rappeler qu\u2019un d\u00e9placement sans attestation d\u00e9rogatoire est passible d\u2019une amende \u00e0 la hauteur de 135\u00a0\u20ac.<\/p>\n<p>Si vous jugez que votre enfant est fragile et qu\u2019il serait mieux d\u2019opter pour garde exclusive exceptionnelle, vous devez demander un certificat m\u00e9dical. Le d\u00e9lai autoris\u00e9 n\u2019exc\u00e8de pas les 14 jours. Sinon, une demande de renouvellement est toujours possible.<\/p>\n<p>Dans le cas o\u00f9 l\u2019un des coparents n\u2019est pas en mesure de prendre soin convenablement de l\u2019enfant commun pendant la pand\u00e9mie, l\u2019autre coparent peut envoyer une demande au JAF. Avec des preuves recevables, vous pourrez b\u00e9n\u00e9ficier d\u2019une garde exclusive temporaire, voire d\u00e9finitive.<\/p>\n<p>Si l\u2019autre coparent vous refuse les droits de visite ou de garde, vous pouvez intenter en urgence une r\u00e9clamation aupr\u00e8s du JAF. Le juge prendra une d\u00e9cision pour <b>organiser la garde partag\u00e9e<\/b>. Aussi, il peut retirer le droit \u00e0 l\u2019autorit\u00e9 parentale au parent fautif. Il peut \u00e9galement le sanctionner avec une amende.<\/p>\n","protected":false},"excerpt":{"rendered":"<p>La garde partag\u00e9e d\u2019un enfant peut vite devenir probl\u00e9matique avec la crise sanitaire. Diff\u00e9rentes questions sont r\u00e9currentes chez les parents,<\/p>\n","protected":false},"author":1,"featured_media":1180,"comment_status":"closed","ping_status":"closed","sticky":false,"template":"","format":"standard","meta":[],"categories":[2],"tags":[],"yoast_head":"<!-- This site is optimized with the Yoast SEO plugin v20.12 - https:\/\/yoast.com\/wordpress\/plugins\/seo\/ -->\n<title>La coparentalit\u00e9 pendant le covid\u00a019 - Blog CoparentaLys<\/title>\n<meta name=\"robots\" content=\"index, follow, max-snippet:-1, max-image-preview:large, max-video-preview:-1\" \/>\n<link rel=\"canonical\" href=\"https:\/\/www.coparentalys.com\/blog\/2021\/04\/20\/la-coparentalite-pendant-le-covid-19\/\" \/>\n<meta property=\"og:locale\" content=\"fr_FR\" \/>\n<meta property=\"og:type\" content=\"article\" \/>\n<meta property=\"og:title\" content=\"La coparentalit\u00e9 pendant le covid\u00a019 - Blog CoparentaLys\" \/>\n<meta property=\"og:description\" content=\"La garde partag\u00e9e d\u2019un enfant peut vite devenir probl\u00e9matique avec la crise sanitaire. Diff\u00e9rentes questions sont r\u00e9currentes chez les parents,\" \/>\n<meta property=\"og:url\" content=\"https:\/\/www.coparentalys.com\/blog\/2021\/04\/20\/la-coparentalite-pendant-le-covid-19\/\" \/>\n<meta property=\"og:site_name\" content=\"Blog CoparentaLys\" \/>\n<meta property=\"article:publisher\" content=\"https:\/\/www.facebook.com\/coparentalite\/\" \/>\n<meta property=\"article:published_time\" content=\"2021-04-20T13:56:10+00:00\" \/>\n<meta property=\"og:image\" content=\"https:\/\/www.coparentalys.com\/blog\/wp-content\/uploads\/2021\/04\/family-are-separated-because-of-the-quarantine-cor-XZ5G9UQ.jpg\" \/>\n\t<meta property=\"og:image:width\" content=\"1200\" \/>\n\t<meta property=\"og:image:height\" content=\"773\" \/>\n\t<meta property=\"og:image:type\" content=\"image\/jpeg\" \/>\n<meta name=\"author\" content=\"admincoparentalys\" \/>\n<meta name=\"twitter:card\" content=\"summary_large_image\" \/>\n<meta name=\"twitter:creator\" content=\"@CoParentaLys\" \/>\n<meta name=\"twitter:site\" content=\"@CoParentaLys\" \/>\n<meta name=\"twitter:label1\" content=\"\u00c9crit par\" \/>\n\t<meta name=\"twitter:data1\" content=\"admincoparentalys\" \/>\n\t<meta name=\"twitter:label2\" content=\"Dur\u00e9e de lecture estim\u00e9e\" \/>\n\t<meta name=\"twitter:data2\" content=\"7 minutes\" \/>\n<script type=\"application\/ld+json\" class=\"yoast-schema-graph\">{\"@context\":\"https:\/\/schema.org\",\"@graph\":[{\"@type\":\"Article\",\"@id\":\"https:\/\/www.coparentalys.com\/blog\/2021\/04\/20\/la-coparentalite-pendant-le-covid-19\/#article\",\"isPartOf\":{\"@id\":\"https:\/\/www.coparentalys.com\/blog\/2021\/04\/20\/la-coparentalite-pendant-le-covid-19\/\"},\"author\":{\"name\":\"admincoparentalys\",\"@id\":\"https:\/\/www.coparentalys.com\/blog\/#\/schema\/person\/f5874233a536c2135c8d801b4a13c9ca\"},\"headline\":\"La coparentalit\u00e9 pendant le covid\u00a019\",\"datePublished\":\"2021-04-20T13:56:10+00:00\",\"dateModified\":\"2021-04-20T13:56:10+00:00\",\"mainEntityOfPage\":{\"@id\":\"https:\/\/www.coparentalys.com\/blog\/2021\/04\/20\/la-coparentalite-pendant-le-covid-19\/\"},\"wordCount\":1380,\"publisher\":{\"@id\":\"https:\/\/www.coparentalys.com\/blog\/#organization\"},\"articleSection\":[\"Coparentalit\u00e9\"],\"inLanguage\":\"fr-FR\"},{\"@type\":\"WebPage\",\"@id\":\"https:\/\/www.coparentalys.com\/blog\/2021\/04\/20\/la-coparentalite-pendant-le-covid-19\/\",\"url\":\"https:\/\/www.coparentalys.com\/blog\/2021\/04\/20\/la-coparentalite-pendant-le-covid-19\/\",\"name\":\"La coparentalit\u00e9 pendant le covid\u00a019 - Blog CoparentaLys\",\"isPartOf\":{\"@id\":\"https:\/\/www.coparentalys.com\/blog\/#website\"},\"datePublished\":\"2021-04-20T13:56:10+00:00\",\"dateModified\":\"2021-04-20T13:56:10+00:00\",\"breadcrumb\":{\"@id\":\"https:\/\/www.coparentalys.com\/blog\/2021\/04\/20\/la-coparentalite-pendant-le-covid-19\/#breadcrumb\"},\"inLanguage\":\"fr-FR\",\"potentialAction\":[{\"@type\":\"ReadAction\",\"target\":[\"https:\/\/www.coparentalys.com\/blog\/2021\/04\/20\/la-coparentalite-pendant-le-covid-19\/\"]}]},{\"@type\":\"BreadcrumbList\",\"@id\":\"https:\/\/www.coparentalys.com\/blog\/2021\/04\/20\/la-coparentalite-pendant-le-covid-19\/#breadcrumb\",\"itemListElement\":[{\"@type\":\"ListItem\",\"position\":1,\"name\":\"Accueil\",\"item\":\"https:\/\/www.coparentalys.com\/blog\/\"},{\"@type\":\"ListItem\",\"position\":2,\"name\":\"La coparentalit\u00e9 pendant le covid\u00a019\"}]},{\"@type\":\"WebSite\",\"@id\":\"https:\/\/www.coparentalys.com\/blog\/#website\",\"url\":\"https:\/\/www.coparentalys.com\/blog\/\",\"name\":\"Blog CoparentaLys\",\"description\":\"\",\"publisher\":{\"@id\":\"https:\/\/www.coparentalys.com\/blog\/#organization\"},\"potentialAction\":[{\"@type\":\"SearchAction\",\"target\":{\"@type\":\"EntryPoint\",\"urlTemplate\":\"https:\/\/www.coparentalys.com\/blog\/?s={search_term_string}\"},\"query-input\":\"required name=search_term_string\"}],\"inLanguage\":\"fr-FR\"},{\"@type\":\"Organization\",\"@id\":\"https:\/\/www.coparentalys.com\/blog\/#organization\",\"name\":\"CoparentaLys\",\"url\":\"https:\/\/www.coparentalys.com\/blog\/\",\"logo\":{\"@type\":\"ImageObject\",\"inLanguage\":\"fr-FR\",\"@id\":\"https:\/\/www.coparentalys.com\/blog\/#\/schema\/logo\/image\/\",\"url\":\"https:\/\/www.coparentalys.com\/blog\/wp-content\/uploads\/2023\/06\/cropped-circle-coparentalys30px-1.png\",\"contentUrl\":\"https:\/\/www.coparentalys.com\/blog\/wp-content\/uploads\/2023\/06\/cropped-circle-coparentalys30px-1.png\",\"width\":45,\"height\":45,\"caption\":\"CoparentaLys\"},\"image\":{\"@id\":\"https:\/\/www.coparentalys.com\/blog\/#\/schema\/logo\/image\/\"},\"sameAs\":[\"https:\/\/www.facebook.com\/coparentalite\/\",\"https:\/\/twitter.com\/CoParentaLys\"]},{\"@type\":\"Person\",\"@id\":\"https:\/\/www.coparentalys.com\/blog\/#\/schema\/person\/f5874233a536c2135c8d801b4a13c9ca\",\"name\":\"admincoparentalys\",\"image\":{\"@type\":\"ImageObject\",\"inLanguage\":\"fr-FR\",\"@id\":\"https:\/\/www.coparentalys.com\/blog\/#\/schema\/person\/image\/\",\"url\":\"https:\/\/secure.gravatar.com\/avatar\/243501ee1647261106694fadee6cac52?s=96&d=mm&r=g\",\"contentUrl\":\"https:\/\/secure.gravatar.com\/avatar\/243501ee1647261106694fadee6cac52?s=96&d=mm&r=g\",\"caption\":\"admincoparentalys\"},\"url\":\"https:\/\/www.coparentalys.com\/blog\/author\/admincoparentalys\/\"}]}<\/script>\n<!-- \/ Yoast SEO plugin. -->","yoast_head_json":{"title":"La coparentalit\u00e9 pendant le covid\u00a019 - Blog CoparentaLys","robots":{"index":"index","follow":"follow","max-snippet":"max-snippet:-1","max-image-preview":"max-image-preview:large","max-video-preview":"max-video-preview:-1"},"canonical":"https:\/\/www.coparentalys.com\/blog\/2021\/04\/20\/la-coparentalite-pendant-le-covid-19\/","og_locale":"fr_FR","og_type":"article","og_title":"La coparentalit\u00e9 pendant le covid\u00a019 - Blog CoparentaLys","og_description":"La garde partag\u00e9e d\u2019un enfant peut vite devenir probl\u00e9matique avec la crise sanitaire. Diff\u00e9rentes questions sont r\u00e9currentes chez les parents,","og_url":"https:\/\/www.coparentalys.com\/blog\/2021\/04\/20\/la-coparentalite-pendant-le-covid-19\/","og_site_name":"Blog CoparentaLys","article_publisher":"https:\/\/www.facebook.com\/coparentalite\/","article_published_time":"2021-04-20T13:56:10+00:00","og_image":[{"width":1200,"height":773,"url":"https:\/\/www.coparentalys.com\/blog\/wp-content\/uploads\/2021\/04\/family-are-separated-because-of-the-quarantine-cor-XZ5G9UQ.jpg","type":"image\/jpeg"}],"author":"admincoparentalys","twitter_card":"summary_large_image","twitter_creator":"@CoParentaLys","twitter_site":"@CoParentaLys","twitter_misc":{"\u00c9crit par":"admincoparentalys","Dur\u00e9e de lecture estim\u00e9e":"7 minutes"},"schema":{"@context":"https:\/\/schema.org","@graph":[{"@type":"Article","@id":"https:\/\/www.coparentalys.com\/blog\/2021\/04\/20\/la-coparentalite-pendant-le-covid-19\/#article","isPartOf":{"@id":"https:\/\/www.coparentalys.com\/blog\/2021\/04\/20\/la-coparentalite-pendant-le-covid-19\/"},"author":{"name":"admincoparentalys","@id":"https:\/\/www.coparentalys.com\/blog\/#\/schema\/person\/f5874233a536c2135c8d801b4a13c9ca"},"headline":"La coparentalit\u00e9 pendant le covid\u00a019","datePublished":"2021-04-20T13:56:10+00:00","dateModified":"2021-04-20T13:56:10+00:00","mainEntityOfPage":{"@id":"https:\/\/www.coparentalys.com\/blog\/2021\/04\/20\/la-coparentalite-pendant-le-covid-19\/"},"wordCount":1380,"publisher":{"@id":"https:\/\/www.coparentalys.com\/blog\/#organization"},"articleSection":["Coparentalit\u00e9"],"inLanguage":"fr-FR"},{"@type":"WebPage","@id":"https:\/\/www.coparentalys.com\/blog\/2021\/04\/20\/la-coparentalite-pendant-le-covid-19\/","url":"https:\/\/www.coparentalys.com\/blog\/2021\/04\/20\/la-coparentalite-pendant-le-covid-19\/","name":"La coparentalit\u00e9 pendant le covid\u00a019 - Blog CoparentaLys","isPartOf":{"@id":"https:\/\/www.coparentalys.com\/blog\/#website"},"datePublished":"2021-04-20T13:56:10+00:00","dateModified":"2021-04-20T13:56:10+00:00","breadcrumb":{"@id":"https:\/\/www.coparentalys.com\/blog\/2021\/04\/20\/la-coparentalite-pendant-le-covid-19\/#breadcrumb"},"inLanguage":"fr-FR","potentialAction":[{"@type":"ReadAction","target":["https:\/\/www.coparentalys.com\/blog\/2021\/04\/20\/la-coparentalite-pendant-le-covid-19\/"]}]},{"@type":"BreadcrumbList","@id":"https:\/\/www.coparentalys.com\/blog\/2021\/04\/20\/la-coparentalite-pendant-le-covid-19\/#breadcrumb","itemListElement":[{"@type":"ListItem","position":1,"name":"Accueil","item":"https:\/\/www.coparentalys.com\/blog\/"},{"@type":"ListItem","position":2,"name":"La coparentalit\u00e9 pendant le covid\u00a019"}]},{"@type":"WebSite","@id":"https:\/\/www.coparentalys.com\/blog\/#website","url":"https:\/\/www.coparentalys.com\/blog\/","name":"Blog CoparentaLys","description":"","publisher":{"@id":"https:\/\/www.coparentalys.com\/blog\/#organization"},"potentialAction":[{"@type":"SearchAction","target":{"@type":"EntryPoint","urlTemplate":"https:\/\/www.coparentalys.com\/blog\/?s={search_term_string}"},"query-input":"required name=search_term_string"}],"inLanguage":"fr-FR"},{"@type":"Organization","@id":"https:\/\/www.coparentalys.com\/blog\/#organization","name":"CoparentaLys","url":"https:\/\/www.coparentalys.com\/blog\/","logo":{"@type":"ImageObject","inLanguage":"fr-FR","@id":"https:\/\/www.coparentalys.com\/blog\/#\/schema\/logo\/image\/","url":"https:\/\/www.coparentalys.com\/blog\/wp-content\/uploads\/2023\/06\/cropped-circle-coparentalys30px-1.png","contentUrl":"https:\/\/www.coparentalys.com\/blog\/wp-content\/uploads\/2023\/06\/cropped-circle-coparentalys30px-1.png","width":45,"height":45,"caption":"CoparentaLys"},"image":{"@id":"https:\/\/www.coparentalys.com\/blog\/#\/schema\/logo\/image\/"},"sameAs":["https:\/\/www.facebook.com\/coparentalite\/","https:\/\/twitter.com\/CoParentaLys"]},{"@type":"Person","@id":"https:\/\/www.coparentalys.com\/blog\/#\/schema\/person\/f5874233a536c2135c8d801b4a13c9ca","name":"admincoparentalys","image":{"@type":"ImageObject","inLanguage":"fr-FR","@id":"https:\/\/www.coparentalys.com\/blog\/#\/schema\/person\/image\/","url":"https:\/\/secure.gravatar.com\/avatar\/243501ee1647261106694fadee6cac52?s=96&d=mm&r=g","contentUrl":"https:\/\/secure.gravatar.com\/avatar\/243501ee1647261106694fadee6cac52?s=96&d=mm&r=g","caption":"admincoparentalys"},"url":"https:\/\/www.coparentalys.com\/blog\/author\/admincoparentalys\/"}]}},"_links":{"self":[{"href":"https:\/\/www.coparentalys.com\/blog\/wp-json\/wp\/v2\/posts\/1179"}],"collection":[{"href":"https:\/\/www.coparentalys.com\/blog\/wp-json\/wp\/v2\/posts"}],"about":[{"href":"https:\/\/www.coparentalys.com\/blog\/wp-json\/wp\/v2\/types\/post"}],"author":[{"embeddable":true,"href":"https:\/\/www.coparentalys.com\/blog\/wp-json\/wp\/v2\/users\/1"}],"replies":[{"embeddable":true,"href":"https:\/\/www.coparentalys.com\/blog\/wp-json\/wp\/v2\/comments?post=1179"}],"version-history":[{"count":1,"href":"https:\/\/www.coparentalys.com\/blog\/wp-json\/wp\/v2\/posts\/1179\/revisions"}],"predecessor-version":[{"id":1181,"href":"https:\/\/www.coparentalys.com\/blog\/wp-json\/wp\/v2\/posts\/1179\/revisions\/1181"}],"wp:featuredmedia":[{"embeddable":true,"href":"https:\/\/www.coparentalys.com\/blog\/wp-json\/wp\/v2\/media\/1180"}],"wp:attachment":[{"href":"https:\/\/www.coparentalys.com\/blog\/wp-json\/wp\/v2\/media?parent=1179"}],"wp:term":[{"taxonomy":"category","embeddable":true,"href":"https:\/\/www.coparentalys.com\/blog\/wp-json\/wp\/v2\/categories?post=1179"},{"taxonomy":"post_tag","embeddable":true,"href":"https:\/\/www.coparentalys.com\/blog\/wp-json\/wp\/v2\/tags?post=1179"}],"curies":[{"name":"wp","href":"https:\/\/api.w.org\/{rel}","templated":true}]}}