{"id":1234,"date":"2023-06-07T09:08:28","date_gmt":"2023-06-07T07:08:28","guid":{"rendered":"https:\/\/www.coparentalys.com\/blog\/?p=1234"},"modified":"2023-06-07T09:08:28","modified_gmt":"2023-06-07T07:08:28","slug":"mon-coparent-est-pro-vaccin-dois-je-minquieter","status":"publish","type":"post","link":"https:\/\/www.coparentalys.com\/blog\/2023\/06\/07\/mon-coparent-est-pro-vaccin-dois-je-minquieter\/","title":{"rendered":"Mon coparent est pro-vaccin, dois-je m\u2019inqui\u00e9ter\u2009?"},"content":{"rendered":"<p style=\"font-weight: 400;\">Le sujet de la vaccination inqui\u00e8te beaucoup de parents. Les questions sur son efficacit\u00e9 et ses risques reviennent souvent. Et pendant cette p\u00e9riode de pand\u00e9mie, les d\u00e9bats se font de plus en plus sur cette m\u00e9thode pr\u00e9ventive. Vous n\u2019\u00eates pas rassur\u00e9 \u00e0 cause des effets secondaires que cela pourrait causer. Des discours contradictoires avec ceux du gouvernement ne vous aident pas \u00e0 avoir <strong>confiance en la vaccination<\/strong>. Vous avez surement aussi d\u00e9j\u00e0 fait vos recherches personnelles. Vous avez fait votre choix, vos enfants ne recevront pas de vaccin. Toutefois, votre coparent n\u2019est pas de cet avis. Il\/elle d\u00e9fend le vaccin et voudrait m\u00eame faire vacciner les enfants. Devriez-vous vous inqui\u00e9ter\u2009? Nous \u00e9pluchons la question dans cet article.<\/p>\n<h2>Comprendre le vaccin<\/h2>\n<p style=\"font-weight: 400;\">Rappelons la d\u00e9finition du vaccin\u00a0: le vaccin est une substance qui permet de pr\u00e9venir certaines maladies. Cette substance contient des antig\u00e8nes att\u00e9nu\u00e9s pour d\u00e9clencher la r\u00e9ponse immunitaire. Pour faire simple, le vaccin est un moyen d\u2019entrainer l\u2019organisme \u00e0 l\u2019invasion de composants \u00e9trangers.<\/p>\n<p style=\"font-weight: 400;\">L\u2019injection de la substance incite ce que l\u2019on appelle la <strong>m\u00e9moire immunitaire<\/strong>. Le syst\u00e8me immunitaire reconnait les agents infectieux et produit un anticorps sp\u00e9cifique qui permet de le combattre sans provoquer une maladie. Ensuite, lorsque le vrai virus p\u00e9n\u00e8tre l\u2019organisme, il se rappelle l\u2019antig\u00e8ne et s\u00e9cr\u00e8te facilement les <strong>anticorps appropri\u00e9s<\/strong>.<\/p>\n<h2>Les vaccins contre la covid-19 autoris\u00e9s en France<\/h2>\n<p style=\"font-weight: 400;\">D\u2019abord, le vaccin d\u2019AstraZenecca connu sous le nom\u00a0AZD1222 est admis en Europe le 29 janvier 2021. Il s\u2019agit de vecteur viral avec des spicules du coronavirus. Il pr\u00e9sente un taux d\u2019efficacit\u00e9 de 76 \u00e0 85\u00a0%. Les d\u00e9fenseurs de l\u2019AZD1222 soutiennent qu\u2019il est efficace pour <strong>\u00e9viter les formes graves de la Covid-19<\/strong>. Un risque de thromboses au d\u00e9but de la campagne a \u00e9t\u00e9 r\u00e9cemment d\u00e9cr\u00e9dibilis\u00e9 par l\u2019Agence europ\u00e9enne du m\u00e9dicament.<\/p>\n<p style=\"font-weight: 400;\">Ensuite, le vaccin Janssen de Johnson &amp; Johnson est valid\u00e9 par l\u2019Agence europ\u00e9enne du m\u00e9dicament le 11 mars dernier. Celui-ci emprunte la prot\u00e9ine S du coronavirus pour pouvoir <strong>d\u00e9clencher la r\u00e9ponse immunitaire<\/strong>. Son taux d\u2019efficacit\u00e9 s\u2019\u00e9l\u00e8ve de 65 \u00e0 85\u00a0% avec une seule dose \u00e0 administrer. Le risque de thrombose est bien pr\u00e9sent comme il est apparu chez 6 femmes \u00e2g\u00e9es de 18 \u00e0 48 ans.<\/p>\n<p style=\"font-weight: 400;\">Moderna propose le mRNA-1273, autoris\u00e9 en janvier 2021. Il s\u2019agit de <strong>vaccin \u00e0 ARNm<\/strong>. Le principe consiste \u00e0 injecter une substance qui va stimuler l\u2019organisme \u00e0 produire elle-m\u00eame le virus. Les chiffres sont encourageants, car le vaccin est efficace \u00e0 la hauteur de 94,1\u00a0%. Mais pour en b\u00e9n\u00e9ficier, il faut avoir re\u00e7u 2 doses d\u2019injection. Ce vaccin est totalement proscrit pour les mineurs.<\/p>\n<p style=\"font-weight: 400;\">Le vaccin de Pfizer est aussi un vaccin \u00e0 ARNm. Le Cominarty est valid\u00e9 sur le territoire europ\u00e9en le 21 d\u00e9cembre 2020. C\u2019est donc le premier \u00e0 \u00eatre autoris\u00e9. Il pr\u00e9sente un taux d\u2019efficacit\u00e9 de 95\u00a0% pour tous types de personnes. Il pr\u00e9vient surtout les <strong>formes graves<\/strong> n\u00e9cessitant l\u2019hospitalisation et pouvant entrainer la mort. Il faut 2 injections pour que le vaccin soit effectif. Des douleurs au niveau des articulations sont \u00e0 noter, mais aussi des c\u00e9phal\u00e9es.<\/p>\n<h2>Est-ce que le vaccin est obligatoire pour les enfants\u2009?<\/h2>\n<p style=\"font-weight: 400;\">M\u00eame si le vaccin est fortement pr\u00e9conis\u00e9 par le gouvernement, les Fran\u00e7ais ne sont pas oblig\u00e9s de <strong>se faire vacciner contre la covid-1<\/strong>9 sauf dans certains cas particuliers. Si vous souhaitez sortir du territoire fran\u00e7ais (quand vous le pourrez), des pays exigent un passeport viral. Pour les cas suivants, le gouvernement incite \u00e0 la vaccination sans pour autant contraindre.<\/p>\n<ul>\n<li>Les personnes \u00e2g\u00e9es de plus de 55 ans doivent se faire vacciner de par leur vuln\u00e9rabilit\u00e9.<\/li>\n<li>Les personnes atteintes de pathologies s\u00e9v\u00e8res.<\/li>\n<li>Les individus ayant eu re\u00e7u des transplantations d\u2019organes.<\/li>\n<li>Ceux qui ont des pathologies cardio-vasculaires<\/li>\n<li>Les professionnels de sant\u00e9 de tout \u00e2ge, car ils sont expos\u00e9s<\/li>\n<li>Les personnes en contact avec les enfants comme les professeurs des \u00e9coles, coll\u00e8ges et lyc\u00e9es, les assistants maternels<\/li>\n<li>Les personnes en contact avec la population comme les gendarmes et les policiers.<\/li>\n<\/ul>\n<p style=\"font-weight: 400;\">Pour le moment, les vaccins autoris\u00e9s ont \u00e9t\u00e9 effectu\u00e9s sur des adultes. Aucun enfant n\u2019a encore re\u00e7u de vaccin dans un cadre scientifique. Ainsi, il n\u2019est pas garanti que les vaccins disponibles conviennent aux enfants. De plus, ils n&rsquo;en ont pas besoin \u00e9tant donn\u00e9 que les enfants ne sont pas touch\u00e9s par le covid-19. Le seul risque pour eux c\u2019est d\u2019\u00eatre porteur de virus. Mais il existe des \u00e9tudes pour \u00e9laborer un <strong>vaccin qui conviendrait au plus jeune<\/strong>.<\/p>\n<h2>Qu\u2019en est-il de l\u2019autorit\u00e9 parentale\u2009?<\/h2>\n<p style=\"font-weight: 400;\">Les parents ont comme droit et devoir la <strong>sant\u00e9 physique<\/strong> des enfants. Pour les simples consultations, le coparent n\u2019a pas besoin de votre autorisation. Les vaccins obligatoires sont \u00e9galement concern\u00e9s. L\u2019accord d\u2019un seul parent est requis pour cet acte dit usuel. Le fait de ne pas vous mettre au courant n\u2019est pas une faute p\u00e9nale ni pour le parent ni pour l\u2019\u00e9tablissement hospitalier.<\/p>\n<p style=\"font-weight: 400;\">Toutefois, la <strong>vaccination contre le covid-19 n\u2019est pas obligatoire<\/strong>. De plus, cela pr\u00e9sente des risques sur la sant\u00e9 de votre enfant \u00e9tant donn\u00e9 que les \u00e9tudes sont encore en cours. Par ailleurs, les mineurs peuvent recevoir un traitement particulier s\u2019il figure parmi les personnes vuln\u00e9rables (maladies auto-immunes, pathologie cardiaque). Dans tous les cas, l\u2019organisme de vaccination doit attendre un accord bilat\u00e9ral avant de proc\u00e9der \u00e0 l\u2019injection.<\/p>\n<p style=\"font-weight: 400;\">Si votre coparent a fait vacciner votre enfant sans votre consentement, vous pouvez vous r\u00e9f\u00e9rer \u00e0 un Juge des affaires familiales. Cela joue en votre faveur seulement si le vaccin n\u2019\u00e9tait pas obligatoire. Dans le cas contraire, vous risquez de <strong>perdre la garde<\/strong> de votre enfant. Le juge \u00e9tudiera aussi la n\u00e9cessit\u00e9 de la vaccination selon la situation de votre <a href=\"https:\/\/www.coparentalys.com\/blog\/2023\/06\/30\/la-famille-traditionnelle-toujours-desirable\/\">famille<\/a>. Si votre coparent ou vous-m\u00eame \u00eates des personnes expos\u00e9es au virus, si l\u2019enfant est vuln\u00e9rable, il pourrait valider l\u2019acte de vaccination.<\/p>\n<p style=\"font-weight: 400;\">Dans le cas o\u00f9 le vaccin pr\u00e9sente un <strong>danger pour l\u2019enfant<\/strong>, cela pourrait mettre le coparent dans une tr\u00e8s mauvaise situation. Des effets secondaires notables pourraient aggraver son cas. Mais il ne sera pas le seul fautif. L\u2019\u00e9tablissement devra aussi en r\u00e9pondre devant la justice.<\/p>\n<h2>Comment \u00e9viter les conflits sur la vaccination\u2009?<\/h2>\n<p style=\"font-weight: 400;\">Le meilleur moyen de <strong>r\u00e9ussir une coparentalit\u00e9<\/strong> reste la communication. Vous devez favoriser le dialogue pour le bien de vos enfants. Discutez avec lui de tous les risques d\u2019une vaccination sur votre enfant mineur. S\u2019il n\u2019est pas en connaissance de cause, il serait judicieux de lui rappeler les lois sur l\u2019autorit\u00e9 parentale et sur l\u2019accord bilat\u00e9ral. Il doit comprendre qu\u2019il n\u2019est pas urgent et m\u00eame d\u00e9conseill\u00e9 de <strong>faire vacciner les enfants<\/strong>. S\u2019il se fait du souci pour sa sant\u00e9, il n\u2019a pas besoin de son consentement pour une injection sur lui-m\u00eame.<\/p>\n<p style=\"font-weight: 400;\">La discussion est encore facile en ce moment, car le vaccin n\u2019est pas obligatoire. Toutefois, vous devriez anticiper le jour o\u00f9 le gouvernement annoncera l\u2019autorisation pour les mineurs. Vous devriez d\u00e9j\u00e0 en parler et d\u00e9cider de ce qu\u2019il en est. Essayez de ne pas rester trop radical. Favorisez les \u00e9changes et \u00e9coutez ce que la personne a \u00e0 vous dire. Peut-\u00eatre que vous trouverez un vaccin qui vous rassurera tous les deux. Il est aussi possible que vous arriviez \u00e0 le convaincre.<\/p>\n<p style=\"font-weight: 400;\">Si vous n\u2019arrivez pas \u00e0 trouver une conclusion amiable, vous pouvez toujours vous rendre devant le JAF. Il pourra trancher selon votre situation et l\u2019\u00e9tat de sant\u00e9 de votre enfant.<\/p>\n<p style=\"font-weight: 400;\">\n","protected":false},"excerpt":{"rendered":"<p>Le sujet de la vaccination inqui\u00e8te beaucoup de parents. Les questions sur son efficacit\u00e9 et ses risques reviennent souvent. Et<\/p>\n","protected":false},"author":1,"featured_media":1235,"comment_status":"closed","ping_status":"closed","sticky":false,"template":"","format":"standard","meta":[],"categories":[2],"tags":[],"yoast_head":"<!-- This site is optimized with the Yoast SEO plugin v20.12 - https:\/\/yoast.com\/wordpress\/plugins\/seo\/ -->\n<title>Mon coparent est pro-vaccin, dois-je m\u2019inqui\u00e9ter\u2009? - Blog CoparentaLys<\/title>\n<meta name=\"robots\" content=\"index, follow, max-snippet:-1, max-image-preview:large, max-video-preview:-1\" \/>\n<link rel=\"canonical\" href=\"https:\/\/www.coparentalys.com\/blog\/2023\/06\/07\/mon-coparent-est-pro-vaccin-dois-je-minquieter\/\" \/>\n<meta property=\"og:locale\" content=\"fr_FR\" \/>\n<meta property=\"og:type\" content=\"article\" \/>\n<meta property=\"og:title\" content=\"Mon coparent est pro-vaccin, dois-je m\u2019inqui\u00e9ter\u2009? - Blog CoparentaLys\" \/>\n<meta property=\"og:description\" content=\"Le sujet de la vaccination inqui\u00e8te beaucoup de parents. Les questions sur son efficacit\u00e9 et ses risques reviennent souvent. Et\" \/>\n<meta property=\"og:url\" content=\"https:\/\/www.coparentalys.com\/blog\/2023\/06\/07\/mon-coparent-est-pro-vaccin-dois-je-minquieter\/\" \/>\n<meta property=\"og:site_name\" content=\"Blog CoparentaLys\" \/>\n<meta property=\"article:publisher\" content=\"https:\/\/www.facebook.com\/coparentalite\/\" \/>\n<meta property=\"article:published_time\" content=\"2023-06-07T07:08:28+00:00\" \/>\n<meta property=\"og:image\" content=\"https:\/\/www.coparentalys.com\/blog\/wp-content\/uploads\/2023\/06\/vaccination-of-small-child-coronavirus-and-covid-2022-02-01-22-36-11-utc.jpg\" \/>\n\t<meta property=\"og:image:width\" content=\"1200\" \/>\n\t<meta property=\"og:image:height\" content=\"800\" \/>\n\t<meta property=\"og:image:type\" content=\"image\/jpeg\" \/>\n<meta name=\"author\" content=\"admincoparentalys\" \/>\n<meta name=\"twitter:card\" content=\"summary_large_image\" \/>\n<meta name=\"twitter:creator\" content=\"@CoParentaLys\" \/>\n<meta name=\"twitter:site\" content=\"@CoParentaLys\" \/>\n<meta name=\"twitter:label1\" content=\"\u00c9crit par\" \/>\n\t<meta name=\"twitter:data1\" content=\"admincoparentalys\" \/>\n\t<meta name=\"twitter:label2\" content=\"Dur\u00e9e de lecture estim\u00e9e\" \/>\n\t<meta name=\"twitter:data2\" content=\"7 minutes\" \/>\n<script type=\"application\/ld+json\" class=\"yoast-schema-graph\">{\"@context\":\"https:\/\/schema.org\",\"@graph\":[{\"@type\":\"Article\",\"@id\":\"https:\/\/www.coparentalys.com\/blog\/2023\/06\/07\/mon-coparent-est-pro-vaccin-dois-je-minquieter\/#article\",\"isPartOf\":{\"@id\":\"https:\/\/www.coparentalys.com\/blog\/2023\/06\/07\/mon-coparent-est-pro-vaccin-dois-je-minquieter\/\"},\"author\":{\"name\":\"admincoparentalys\",\"@id\":\"https:\/\/www.coparentalys.com\/blog\/#\/schema\/person\/f5874233a536c2135c8d801b4a13c9ca\"},\"headline\":\"Mon coparent est pro-vaccin, dois-je m\u2019inqui\u00e9ter\u2009?\",\"datePublished\":\"2023-06-07T07:08:28+00:00\",\"dateModified\":\"2023-06-07T07:08:28+00:00\",\"mainEntityOfPage\":{\"@id\":\"https:\/\/www.coparentalys.com\/blog\/2023\/06\/07\/mon-coparent-est-pro-vaccin-dois-je-minquieter\/\"},\"wordCount\":1316,\"publisher\":{\"@id\":\"https:\/\/www.coparentalys.com\/blog\/#organization\"},\"articleSection\":[\"Coparentalit\u00e9\"],\"inLanguage\":\"fr-FR\"},{\"@type\":\"WebPage\",\"@id\":\"https:\/\/www.coparentalys.com\/blog\/2023\/06\/07\/mon-coparent-est-pro-vaccin-dois-je-minquieter\/\",\"url\":\"https:\/\/www.coparentalys.com\/blog\/2023\/06\/07\/mon-coparent-est-pro-vaccin-dois-je-minquieter\/\",\"name\":\"Mon coparent est pro-vaccin, dois-je m\u2019inqui\u00e9ter\u2009? - Blog CoparentaLys\",\"isPartOf\":{\"@id\":\"https:\/\/www.coparentalys.com\/blog\/#website\"},\"datePublished\":\"2023-06-07T07:08:28+00:00\",\"dateModified\":\"2023-06-07T07:08:28+00:00\",\"breadcrumb\":{\"@id\":\"https:\/\/www.coparentalys.com\/blog\/2023\/06\/07\/mon-coparent-est-pro-vaccin-dois-je-minquieter\/#breadcrumb\"},\"inLanguage\":\"fr-FR\",\"potentialAction\":[{\"@type\":\"ReadAction\",\"target\":[\"https:\/\/www.coparentalys.com\/blog\/2023\/06\/07\/mon-coparent-est-pro-vaccin-dois-je-minquieter\/\"]}]},{\"@type\":\"BreadcrumbList\",\"@id\":\"https:\/\/www.coparentalys.com\/blog\/2023\/06\/07\/mon-coparent-est-pro-vaccin-dois-je-minquieter\/#breadcrumb\",\"itemListElement\":[{\"@type\":\"ListItem\",\"position\":1,\"name\":\"Accueil\",\"item\":\"https:\/\/www.coparentalys.com\/blog\/\"},{\"@type\":\"ListItem\",\"position\":2,\"name\":\"Mon coparent est pro-vaccin, dois-je m\u2019inqui\u00e9ter\u2009?\"}]},{\"@type\":\"WebSite\",\"@id\":\"https:\/\/www.coparentalys.com\/blog\/#website\",\"url\":\"https:\/\/www.coparentalys.com\/blog\/\",\"name\":\"Blog CoparentaLys\",\"description\":\"\",\"publisher\":{\"@id\":\"https:\/\/www.coparentalys.com\/blog\/#organization\"},\"potentialAction\":[{\"@type\":\"SearchAction\",\"target\":{\"@type\":\"EntryPoint\",\"urlTemplate\":\"https:\/\/www.coparentalys.com\/blog\/?s={search_term_string}\"},\"query-input\":\"required name=search_term_string\"}],\"inLanguage\":\"fr-FR\"},{\"@type\":\"Organization\",\"@id\":\"https:\/\/www.coparentalys.com\/blog\/#organization\",\"name\":\"CoparentaLys\",\"url\":\"https:\/\/www.coparentalys.com\/blog\/\",\"logo\":{\"@type\":\"ImageObject\",\"inLanguage\":\"fr-FR\",\"@id\":\"https:\/\/www.coparentalys.com\/blog\/#\/schema\/logo\/image\/\",\"url\":\"https:\/\/www.coparentalys.com\/blog\/wp-content\/uploads\/2023\/06\/cropped-circle-coparentalys30px-1.png\",\"contentUrl\":\"https:\/\/www.coparentalys.com\/blog\/wp-content\/uploads\/2023\/06\/cropped-circle-coparentalys30px-1.png\",\"width\":45,\"height\":45,\"caption\":\"CoparentaLys\"},\"image\":{\"@id\":\"https:\/\/www.coparentalys.com\/blog\/#\/schema\/logo\/image\/\"},\"sameAs\":[\"https:\/\/www.facebook.com\/coparentalite\/\",\"https:\/\/twitter.com\/CoParentaLys\"]},{\"@type\":\"Person\",\"@id\":\"https:\/\/www.coparentalys.com\/blog\/#\/schema\/person\/f5874233a536c2135c8d801b4a13c9ca\",\"name\":\"admincoparentalys\",\"image\":{\"@type\":\"ImageObject\",\"inLanguage\":\"fr-FR\",\"@id\":\"https:\/\/www.coparentalys.com\/blog\/#\/schema\/person\/image\/\",\"url\":\"https:\/\/secure.gravatar.com\/avatar\/243501ee1647261106694fadee6cac52?s=96&d=mm&r=g\",\"contentUrl\":\"https:\/\/secure.gravatar.com\/avatar\/243501ee1647261106694fadee6cac52?s=96&d=mm&r=g\",\"caption\":\"admincoparentalys\"},\"url\":\"https:\/\/www.coparentalys.com\/blog\/author\/admincoparentalys\/\"}]}<\/script>\n<!-- \/ Yoast SEO plugin. -->","yoast_head_json":{"title":"Mon coparent est pro-vaccin, dois-je m\u2019inqui\u00e9ter\u2009? - Blog CoparentaLys","robots":{"index":"index","follow":"follow","max-snippet":"max-snippet:-1","max-image-preview":"max-image-preview:large","max-video-preview":"max-video-preview:-1"},"canonical":"https:\/\/www.coparentalys.com\/blog\/2023\/06\/07\/mon-coparent-est-pro-vaccin-dois-je-minquieter\/","og_locale":"fr_FR","og_type":"article","og_title":"Mon coparent est pro-vaccin, dois-je m\u2019inqui\u00e9ter\u2009? - Blog CoparentaLys","og_description":"Le sujet de la vaccination inqui\u00e8te beaucoup de parents. Les questions sur son efficacit\u00e9 et ses risques reviennent souvent. Et","og_url":"https:\/\/www.coparentalys.com\/blog\/2023\/06\/07\/mon-coparent-est-pro-vaccin-dois-je-minquieter\/","og_site_name":"Blog CoparentaLys","article_publisher":"https:\/\/www.facebook.com\/coparentalite\/","article_published_time":"2023-06-07T07:08:28+00:00","og_image":[{"width":1200,"height":800,"url":"https:\/\/www.coparentalys.com\/blog\/wp-content\/uploads\/2023\/06\/vaccination-of-small-child-coronavirus-and-covid-2022-02-01-22-36-11-utc.jpg","type":"image\/jpeg"}],"author":"admincoparentalys","twitter_card":"summary_large_image","twitter_creator":"@CoParentaLys","twitter_site":"@CoParentaLys","twitter_misc":{"\u00c9crit par":"admincoparentalys","Dur\u00e9e de lecture estim\u00e9e":"7 minutes"},"schema":{"@context":"https:\/\/schema.org","@graph":[{"@type":"Article","@id":"https:\/\/www.coparentalys.com\/blog\/2023\/06\/07\/mon-coparent-est-pro-vaccin-dois-je-minquieter\/#article","isPartOf":{"@id":"https:\/\/www.coparentalys.com\/blog\/2023\/06\/07\/mon-coparent-est-pro-vaccin-dois-je-minquieter\/"},"author":{"name":"admincoparentalys","@id":"https:\/\/www.coparentalys.com\/blog\/#\/schema\/person\/f5874233a536c2135c8d801b4a13c9ca"},"headline":"Mon coparent est pro-vaccin, dois-je m\u2019inqui\u00e9ter\u2009?","datePublished":"2023-06-07T07:08:28+00:00","dateModified":"2023-06-07T07:08:28+00:00","mainEntityOfPage":{"@id":"https:\/\/www.coparentalys.com\/blog\/2023\/06\/07\/mon-coparent-est-pro-vaccin-dois-je-minquieter\/"},"wordCount":1316,"publisher":{"@id":"https:\/\/www.coparentalys.com\/blog\/#organization"},"articleSection":["Coparentalit\u00e9"],"inLanguage":"fr-FR"},{"@type":"WebPage","@id":"https:\/\/www.coparentalys.com\/blog\/2023\/06\/07\/mon-coparent-est-pro-vaccin-dois-je-minquieter\/","url":"https:\/\/www.coparentalys.com\/blog\/2023\/06\/07\/mon-coparent-est-pro-vaccin-dois-je-minquieter\/","name":"Mon coparent est pro-vaccin, dois-je m\u2019inqui\u00e9ter\u2009? - Blog CoparentaLys","isPartOf":{"@id":"https:\/\/www.coparentalys.com\/blog\/#website"},"datePublished":"2023-06-07T07:08:28+00:00","dateModified":"2023-06-07T07:08:28+00:00","breadcrumb":{"@id":"https:\/\/www.coparentalys.com\/blog\/2023\/06\/07\/mon-coparent-est-pro-vaccin-dois-je-minquieter\/#breadcrumb"},"inLanguage":"fr-FR","potentialAction":[{"@type":"ReadAction","target":["https:\/\/www.coparentalys.com\/blog\/2023\/06\/07\/mon-coparent-est-pro-vaccin-dois-je-minquieter\/"]}]},{"@type":"BreadcrumbList","@id":"https:\/\/www.coparentalys.com\/blog\/2023\/06\/07\/mon-coparent-est-pro-vaccin-dois-je-minquieter\/#breadcrumb","itemListElement":[{"@type":"ListItem","position":1,"name":"Accueil","item":"https:\/\/www.coparentalys.com\/blog\/"},{"@type":"ListItem","position":2,"name":"Mon coparent est pro-vaccin, dois-je m\u2019inqui\u00e9ter\u2009?"}]},{"@type":"WebSite","@id":"https:\/\/www.coparentalys.com\/blog\/#website","url":"https:\/\/www.coparentalys.com\/blog\/","name":"Blog CoparentaLys","description":"","publisher":{"@id":"https:\/\/www.coparentalys.com\/blog\/#organization"},"potentialAction":[{"@type":"SearchAction","target":{"@type":"EntryPoint","urlTemplate":"https:\/\/www.coparentalys.com\/blog\/?s={search_term_string}"},"query-input":"required name=search_term_string"}],"inLanguage":"fr-FR"},{"@type":"Organization","@id":"https:\/\/www.coparentalys.com\/blog\/#organization","name":"CoparentaLys","url":"https:\/\/www.coparentalys.com\/blog\/","logo":{"@type":"ImageObject","inLanguage":"fr-FR","@id":"https:\/\/www.coparentalys.com\/blog\/#\/schema\/logo\/image\/","url":"https:\/\/www.coparentalys.com\/blog\/wp-content\/uploads\/2023\/06\/cropped-circle-coparentalys30px-1.png","contentUrl":"https:\/\/www.coparentalys.com\/blog\/wp-content\/uploads\/2023\/06\/cropped-circle-coparentalys30px-1.png","width":45,"height":45,"caption":"CoparentaLys"},"image":{"@id":"https:\/\/www.coparentalys.com\/blog\/#\/schema\/logo\/image\/"},"sameAs":["https:\/\/www.facebook.com\/coparentalite\/","https:\/\/twitter.com\/CoParentaLys"]},{"@type":"Person","@id":"https:\/\/www.coparentalys.com\/blog\/#\/schema\/person\/f5874233a536c2135c8d801b4a13c9ca","name":"admincoparentalys","image":{"@type":"ImageObject","inLanguage":"fr-FR","@id":"https:\/\/www.coparentalys.com\/blog\/#\/schema\/person\/image\/","url":"https:\/\/secure.gravatar.com\/avatar\/243501ee1647261106694fadee6cac52?s=96&d=mm&r=g","contentUrl":"https:\/\/secure.gravatar.com\/avatar\/243501ee1647261106694fadee6cac52?s=96&d=mm&r=g","caption":"admincoparentalys"},"url":"https:\/\/www.coparentalys.com\/blog\/author\/admincoparentalys\/"}]}},"_links":{"self":[{"href":"https:\/\/www.coparentalys.com\/blog\/wp-json\/wp\/v2\/posts\/1234"}],"collection":[{"href":"https:\/\/www.coparentalys.com\/blog\/wp-json\/wp\/v2\/posts"}],"about":[{"href":"https:\/\/www.coparentalys.com\/blog\/wp-json\/wp\/v2\/types\/post"}],"author":[{"embeddable":true,"href":"https:\/\/www.coparentalys.com\/blog\/wp-json\/wp\/v2\/users\/1"}],"replies":[{"embeddable":true,"href":"https:\/\/www.coparentalys.com\/blog\/wp-json\/wp\/v2\/comments?post=1234"}],"version-history":[{"count":1,"href":"https:\/\/www.coparentalys.com\/blog\/wp-json\/wp\/v2\/posts\/1234\/revisions"}],"predecessor-version":[{"id":1236,"href":"https:\/\/www.coparentalys.com\/blog\/wp-json\/wp\/v2\/posts\/1234\/revisions\/1236"}],"wp:featuredmedia":[{"embeddable":true,"href":"https:\/\/www.coparentalys.com\/blog\/wp-json\/wp\/v2\/media\/1235"}],"wp:attachment":[{"href":"https:\/\/www.coparentalys.com\/blog\/wp-json\/wp\/v2\/media?parent=1234"}],"wp:term":[{"taxonomy":"category","embeddable":true,"href":"https:\/\/www.coparentalys.com\/blog\/wp-json\/wp\/v2\/categories?post=1234"},{"taxonomy":"post_tag","embeddable":true,"href":"https:\/\/www.coparentalys.com\/blog\/wp-json\/wp\/v2\/tags?post=1234"}],"curies":[{"name":"wp","href":"https:\/\/api.w.org\/{rel}","templated":true}]}}