{"id":1243,"date":"2023-06-07T09:21:02","date_gmt":"2023-06-07T07:21:02","guid":{"rendered":"https:\/\/www.coparentalys.com\/blog\/?p=1243"},"modified":"2023-06-07T09:21:02","modified_gmt":"2023-06-07T07:21:02","slug":"combattre-la-peur-de-ne-pas-avoir-assez-de-lait","status":"publish","type":"post","link":"https:\/\/www.coparentalys.com\/blog\/2023\/06\/07\/combattre-la-peur-de-ne-pas-avoir-assez-de-lait\/","title":{"rendered":"Combattre la peur de ne pas avoir assez de lait"},"content":{"rendered":"<p style=\"font-weight: 400;\">La peur de <strong>ne pas avoir assez de lait<\/strong> est un ph\u00e9nom\u00e8ne qui touche en g\u00e9n\u00e9ral les jeunes m\u00e8res. Elle r\u00e9sulte de l\u2019ignorance et des id\u00e9es re\u00e7ues ainsi que les remarques d\u00e9plac\u00e9es des proches ou de certaines personnes. Le meilleur rem\u00e8de pour cette inqui\u00e9tude est de se renseigner. Si vous ressentez ce doute tarauder votre esprit, parlez-en \u00e0 votre p\u00e9diatre afin qu\u2019ils vous expliquent tout. Pour vous aider \u00e0 <strong>surmonter cette peur<\/strong>, on va r\u00e9pondre \u00e0 travers ce guide \u00e0 toutes vos questions.<\/p>\n<h2>Production de lait maternel, comment \u00e7a marche\u2009?<\/h2>\n<p style=\"font-weight: 400;\">Pour enlever tous ses doutes sur <strong>sa capacit\u00e9 d\u2019allaiter<\/strong>, les mamans, plus particuli\u00e8rement les jeunes m\u00e8res doivent au moins apr\u00e8s l\u2019accouchement comprendre comment se d\u00e9roule la <strong>production de lait maternel<\/strong>. Cela permet d\u2019avoir confiance en son organisme et de donner tranquillement le sein \u00e0 son enfant.<\/p>\n<p style=\"font-weight: 400;\">Pour ce faire, il faut garder \u00e0 l\u2019esprit que la fabrication de lait est un m\u00e9canisme naturel. Le corps lib\u00e8re les hormones responsables de cette production \u00e0 chaque fois que le b\u00e9b\u00e9 commence \u00e0 sucer le t\u00e9ton. Ce geste stimule en effet la <strong>lib\u00e9ration de la prolactine<\/strong>, l\u2019hormone responsable de la <strong>fabrication de lait<\/strong> et de l\u2019ocytocine. Cette derni\u00e8re est impliqu\u00e9e dans le r\u00e9flexe d\u2019\u00e9jection. Elle favorise les contractions musculaires au niveau des seins. Ce processus va par la suite conduire le lait \u00e0 travers les canaux lactif\u00e8res jusqu\u2019\u00e0 son \u00e9jection pendant la t\u00e9t\u00e9e.<\/p>\n<p style=\"font-weight: 400;\">Selon ce processus naturel, plus la m\u00e8re allaite, plus son <strong>lait devient abondant<\/strong>. Il faut de ce fait augmenter la fr\u00e9quence de la t\u00e9t\u00e9e si vous voulez subvenir au besoin de l\u2019enfant. Vous n\u2019avez pas \u00e0 vous soucier dans ce cas puisque le corps f\u00e9minin peut s\u2019adapter facilement \u00e0 ce m\u00e9canisme. Il faut seulement utiliser \u00e9quitablement les deux seins pour \u00e9viter la <strong>suraccumulation unilat\u00e9rale<\/strong>.<\/p>\n<p style=\"font-weight: 400;\">La <strong>production de lait maternel<\/strong> s\u2019estompe pendant la p\u00e9riode d\u2019allaitement lorsque les m\u00e8res commencent \u00e0 donner des compl\u00e9ments de laits industrialis\u00e9s \u00e0 son b\u00e9b\u00e9. Le nombre de t\u00e9t\u00e9es naturel diminue et entraine le ralentissement de la lactation.<\/p>\n<p style=\"font-weight: 400;\">\u00c0 titre indicatif, le nombre id\u00e9al de t\u00e9t\u00e9e se situe entre 8 \u00e0 12 fois par jour. Il est possible de r\u00e9partir cette fr\u00e9quence toutes les 1\u00a0h\u00a01\/2 ou 3\u00a0h. La dur\u00e9e peut varier de 5 \u00e0 30 minutes selon l\u2019app\u00e9tit de l\u2019enfant.<\/p>\n<h2>Qu\u2019est-ce que l\u2019insuffisance de lait maternel\u2009?<\/h2>\n<p style=\"font-weight: 400;\">Le <strong>manque de lait maternel<\/strong> est un ph\u00e9nom\u00e8ne tr\u00e8s rare. Naturellement, toutes les femmes du monde poss\u00e8dent la capacit\u00e9 d\u2019en produire la quantit\u00e9 n\u00e9cessaire pour <strong>allaiter son enfant<\/strong>. Dans les pays pauvres, m\u00eame les conditions de vie d\u00e9favorables ne peuvent pas alt\u00e9rer la fabrication de lait maternel.<\/p>\n<p style=\"font-weight: 400;\">L\u2019insuffisance de lait maternel r\u00e9sulte en g\u00e9n\u00e9ral d\u2019un probl\u00e8me d\u2019ordre physiologique comme les troubles hormonaux, les mauvais d\u00e9veloppements de la glande mammaire ou la chirurgie mammaire. Des facteurs psychologiques pourraient \u00e9galement bloquer ou diminuer la capacit\u00e9 de production. Le lait maternel peut \u00eatre insuffisant en cas de manque de confiance en soi, de soutien, d\u2019information ou de choc psychologique comme le deuil ou la s\u00e9paration.<\/p>\n<p style=\"font-weight: 400;\">Cliniquement, ce ph\u00e9nom\u00e8ne se manifeste en cas d\u2019h\u00e9morragie importante pendant la lactation ou de maladie chronique comme le diab\u00e8te ou l\u2019an\u00e9mie. D\u2019autres causes comme la <strong>carence alimentaire<\/strong>, la d\u00e9shydratation ou la r\u00e9tention placentaire peuvent \u00e9galement favoriser ce ph\u00e9nom\u00e8ne, mais le risque reste tr\u00e8s infime pour ces cas. On parle pour cela du chiffre avoisinant le 1 \u00e0 5\u00a0% des \u00e9tudes.<\/p>\n<h2>Est-ce que l\u2019organisme f\u00e9minin est capable de s\u2019adapter au besoin de son enfant\u2009?<\/h2>\n<p style=\"font-weight: 400;\">La <strong>peur de ne pas avoir assez de lait <\/strong>est avant tout un probl\u00e8me d\u2019ordre psychologique. Pour la combattre, la maman allaitante doit d\u2019abord prendre confiance en sa capacit\u00e9 de fabrication de lait. En g\u00e9n\u00e9ral, toutes les femmes sont naturellement pr\u00e9destin\u00e9es \u00e0 produire la quantit\u00e9 suffisante pour son b\u00e9b\u00e9.<\/p>\n<p style=\"font-weight: 400;\">Quelles que soient ainsi les remarques de vos amis ou de vos entourages, faites confiance \u00e0 votre organisme et essayez d\u2019allaiter sereinement votre bout de chou. Vous \u00eates la seule personne capable de connaitre le besoin de votre enfant et l\u2019\u00e9tat de vos seins. Vous verrez ainsi par vous-m\u00eame si le b\u00e9b\u00e9 est mal nourri ou vous ne fabriquez pas assez de lait.<\/p>\n<h2>Comment reconnaitre un b\u00e9b\u00e9 bien allait\u00e9\u2009?<\/h2>\n<p style=\"font-weight: 400;\">Lorsque l\u2019on est s\u00fbr que le b\u00e9b\u00e9 est bien allait\u00e9, tous les doutes sur l\u2019insuffisance de lait maternel s\u2019estompent facilement. La capacit\u00e9 de production de votre organisme se transpose normalement sur le comportement de votre enfant. Elle s\u2019adapte \u00e0 son besoin et \u00e0 sa demande.<\/p>\n<p style=\"font-weight: 400;\">Pour apaiser votre peur, il suffit donc de v\u00e9rifier la couche de votre enfant. S\u2019il se nourrit bien, ce dernier mouille et salit r\u00e9guli\u00e8rement ses couches. Vous pouvez aussi \u00e9valuer votre capacit\u00e9 en constatant si votre enfant prend du poids. Dans le cas contraire, vous pourrez <strong>augmenter le nombre de t\u00e9t\u00e9es<\/strong> et utiliser les deux seins durant l\u2019allaitement.<\/p>\n<h2>Quels sont les comportements normaux d\u2019un b\u00e9b\u00e9\u2009?<\/h2>\n<p style=\"font-weight: 400;\">Pendant quelques mois apr\u00e8s leur naissance, certains nouveau-n\u00e9s se comportent diff\u00e9remment des autres b\u00e9b\u00e9s. Face \u00e0 cela, les mamans s\u2019inqui\u00e8tent tr\u00e8s vite sur <strong>l\u2019insuffisance de lait maternel<\/strong>. Selon les personnels de la pu\u00e9riculture, ces attitudes sont toutefois normales et passag\u00e8res. Pour aider les m\u00e8res \u00e0 combattre ainsi leur inqui\u00e9tude dans ce cadre, il convient de mentionner ces agissements inhabituels.<\/p>\n<p style=\"font-weight: 400;\">Effectivement, certains b\u00e9b\u00e9s t\u00e8tent souvent par rapport aux autres. Ils r\u00e9clament leur lait et semblent toujours avoir faim. Cela ne veut pas dire qu\u2019ils sont mal nourris, mais le <strong>lait maternel <\/strong>est tout simplement une substance tr\u00e8s vite \u00e0 dig\u00e9rer.<\/p>\n<p style=\"font-weight: 400;\">Durant les 6 premiers mois, le nouveau-n\u00e9 doit trouver lui-m\u00eame son rythme d\u2019alimentation. Si la maman ne connait pas encore le besoin de son enfant, il pourrait avoir faim m\u00eame au milieu de la nuit. C\u2019est pourquoi il faut \u00eatre patiente et donner \u00e0 son <strong>b\u00e9b\u00e9 la quantit\u00e9 suffisante de lait<\/strong> avant le coucher.<\/p>\n<p style=\"font-weight: 400;\">Pour certains cas, l\u2019enfant augmente ou r\u00e9duit brusquement son <strong>besoin de t\u00e9ter<\/strong>. Ce ph\u00e9nom\u00e8ne se manifeste en g\u00e9n\u00e9ral entre 3 \u00e0 6 mois apr\u00e8s la naissance. Il s\u2019agit d\u2019une attitude normale selon les explications des p\u00e9diatres. En effet, le b\u00e9b\u00e9 augmente la fr\u00e9quence ou la dur\u00e9e des t\u00e9t\u00e9es lorsqu\u2019il entre dans la phase de croissance. Il diminue parfois sa demande. Cette derni\u00e8re attitude indique qu\u2019il t\u00e8te efficacement.<\/p>\n<p style=\"font-weight: 400;\">A chaque fois de son b\u00e9b\u00e9 pleure, certaines m\u00e8res se pr\u00e9cipitent \u00e0 donner le lait pensant que l\u2019enfant ait faim. Toutefois, les pleures peuvent \u00eatre le r\u00e9sultat d\u2019autre demande pas uniquement de la t\u00e9t\u00e9e. C\u2019est sa mani\u00e8re de communiquer ou de demander quelques choses. Normalement, le petit enfant a constamment besoin de ressentir la pr\u00e9sence de sa maman pr\u00e8s de lui, d\u2019avoir une couche propre et de se retrouver dans un cadre confortable. Si l\u2019une de ces attentes n\u2019est pas satisfaite, il pourrait continuer de pleurer sans arr\u00eater. Dans de tels cas, assurez-vous donc que votre b\u00e9b\u00e9 n\u2019a pas besoin d\u2019autres choses <strong>avant de l\u2019allaiter<\/strong>.<\/p>\n<h2>D\u2019o\u00f9 vient la peur de ne pas avoir assez de lait\u2009?<\/h2>\n<p style=\"font-weight: 400;\">Cette sensation d\u2019inqui\u00e9tude est l\u2019h\u00e9ritage des femmes laiss\u00e9es par les soci\u00e9t\u00e9s traditionnelles. Elle touche g\u00e9n\u00e9ralement les pays d\u00e9velopp\u00e9s ou les milieux urbains de cette \u00e9poque. Les mamans appartenant \u00e0 ce genre de communaut\u00e9 sont souvent contraintes <strong>d\u2019allaiter plusieurs enfants en m\u00eame temps<\/strong> en raison du ph\u00e9nom\u00e8ne \u00ab\u2009Babyboom\u2009\u00bb. Cette peur pourrait \u00e9galement \u00eatre le r\u00e9sultat d\u2019un choc postnatal dans le cas o\u00f9 l\u2019enfant est pr\u00e9matur\u00e9 et trop petit. Alarm\u00e9e et paniqu\u00e9e, la m\u00e8re ressent une angoisse constante pensant que son lait n\u2019est pas suffisant pour augmenter le poids du b\u00e9b\u00e9.<\/p>\n<p style=\"font-weight: 400;\">\n","protected":false},"excerpt":{"rendered":"<p>La peur de ne pas avoir assez de lait est un ph\u00e9nom\u00e8ne qui touche en g\u00e9n\u00e9ral les jeunes m\u00e8res. Elle<\/p>\n","protected":false},"author":1,"featured_media":1244,"comment_status":"closed","ping_status":"closed","sticky":false,"template":"","format":"standard","meta":[],"categories":[3],"tags":[],"yoast_head":"<!-- This site is optimized with the Yoast SEO plugin v20.12 - https:\/\/yoast.com\/wordpress\/plugins\/seo\/ -->\n<title>Combattre la peur de ne pas avoir assez de lait - Blog CoparentaLys<\/title>\n<meta name=\"robots\" content=\"index, follow, max-snippet:-1, max-image-preview:large, max-video-preview:-1\" \/>\n<link rel=\"canonical\" href=\"https:\/\/www.coparentalys.com\/blog\/2023\/06\/07\/combattre-la-peur-de-ne-pas-avoir-assez-de-lait\/\" \/>\n<meta property=\"og:locale\" content=\"fr_FR\" \/>\n<meta property=\"og:type\" content=\"article\" \/>\n<meta property=\"og:title\" content=\"Combattre la peur de ne pas avoir assez de lait - Blog CoparentaLys\" \/>\n<meta property=\"og:description\" content=\"La peur de ne pas avoir assez de lait est un ph\u00e9nom\u00e8ne qui touche en g\u00e9n\u00e9ral les jeunes m\u00e8res. Elle\" \/>\n<meta property=\"og:url\" content=\"https:\/\/www.coparentalys.com\/blog\/2023\/06\/07\/combattre-la-peur-de-ne-pas-avoir-assez-de-lait\/\" \/>\n<meta property=\"og:site_name\" content=\"Blog CoparentaLys\" \/>\n<meta property=\"article:publisher\" content=\"https:\/\/www.facebook.com\/coparentalite\/\" \/>\n<meta property=\"article:published_time\" content=\"2023-06-07T07:21:02+00:00\" \/>\n<meta property=\"og:image\" content=\"https:\/\/www.coparentalys.com\/blog\/wp-content\/uploads\/2023\/06\/mom-breastfeeds-the-baby-2022-11-15-09-04-29-utc.jpg\" \/>\n\t<meta property=\"og:image:width\" content=\"1200\" \/>\n\t<meta property=\"og:image:height\" content=\"800\" \/>\n\t<meta property=\"og:image:type\" content=\"image\/jpeg\" \/>\n<meta name=\"author\" content=\"admincoparentalys\" \/>\n<meta name=\"twitter:card\" content=\"summary_large_image\" \/>\n<meta name=\"twitter:creator\" content=\"@CoParentaLys\" \/>\n<meta name=\"twitter:site\" content=\"@CoParentaLys\" \/>\n<meta name=\"twitter:label1\" content=\"\u00c9crit par\" \/>\n\t<meta name=\"twitter:data1\" content=\"admincoparentalys\" \/>\n\t<meta name=\"twitter:label2\" content=\"Dur\u00e9e de lecture estim\u00e9e\" \/>\n\t<meta name=\"twitter:data2\" content=\"7 minutes\" \/>\n<script type=\"application\/ld+json\" class=\"yoast-schema-graph\">{\"@context\":\"https:\/\/schema.org\",\"@graph\":[{\"@type\":\"Article\",\"@id\":\"https:\/\/www.coparentalys.com\/blog\/2023\/06\/07\/combattre-la-peur-de-ne-pas-avoir-assez-de-lait\/#article\",\"isPartOf\":{\"@id\":\"https:\/\/www.coparentalys.com\/blog\/2023\/06\/07\/combattre-la-peur-de-ne-pas-avoir-assez-de-lait\/\"},\"author\":{\"name\":\"admincoparentalys\",\"@id\":\"https:\/\/www.coparentalys.com\/blog\/#\/schema\/person\/f5874233a536c2135c8d801b4a13c9ca\"},\"headline\":\"Combattre la peur de ne pas avoir assez de lait\",\"datePublished\":\"2023-06-07T07:21:02+00:00\",\"dateModified\":\"2023-06-07T07:21:02+00:00\",\"mainEntityOfPage\":{\"@id\":\"https:\/\/www.coparentalys.com\/blog\/2023\/06\/07\/combattre-la-peur-de-ne-pas-avoir-assez-de-lait\/\"},\"wordCount\":1411,\"publisher\":{\"@id\":\"https:\/\/www.coparentalys.com\/blog\/#organization\"},\"articleSection\":[\"Devenir Parents\"],\"inLanguage\":\"fr-FR\"},{\"@type\":\"WebPage\",\"@id\":\"https:\/\/www.coparentalys.com\/blog\/2023\/06\/07\/combattre-la-peur-de-ne-pas-avoir-assez-de-lait\/\",\"url\":\"https:\/\/www.coparentalys.com\/blog\/2023\/06\/07\/combattre-la-peur-de-ne-pas-avoir-assez-de-lait\/\",\"name\":\"Combattre la peur de ne pas avoir assez de lait - Blog CoparentaLys\",\"isPartOf\":{\"@id\":\"https:\/\/www.coparentalys.com\/blog\/#website\"},\"datePublished\":\"2023-06-07T07:21:02+00:00\",\"dateModified\":\"2023-06-07T07:21:02+00:00\",\"breadcrumb\":{\"@id\":\"https:\/\/www.coparentalys.com\/blog\/2023\/06\/07\/combattre-la-peur-de-ne-pas-avoir-assez-de-lait\/#breadcrumb\"},\"inLanguage\":\"fr-FR\",\"potentialAction\":[{\"@type\":\"ReadAction\",\"target\":[\"https:\/\/www.coparentalys.com\/blog\/2023\/06\/07\/combattre-la-peur-de-ne-pas-avoir-assez-de-lait\/\"]}]},{\"@type\":\"BreadcrumbList\",\"@id\":\"https:\/\/www.coparentalys.com\/blog\/2023\/06\/07\/combattre-la-peur-de-ne-pas-avoir-assez-de-lait\/#breadcrumb\",\"itemListElement\":[{\"@type\":\"ListItem\",\"position\":1,\"name\":\"Accueil\",\"item\":\"https:\/\/www.coparentalys.com\/blog\/\"},{\"@type\":\"ListItem\",\"position\":2,\"name\":\"Combattre la peur de ne pas avoir assez de lait\"}]},{\"@type\":\"WebSite\",\"@id\":\"https:\/\/www.coparentalys.com\/blog\/#website\",\"url\":\"https:\/\/www.coparentalys.com\/blog\/\",\"name\":\"Blog CoparentaLys\",\"description\":\"\",\"publisher\":{\"@id\":\"https:\/\/www.coparentalys.com\/blog\/#organization\"},\"potentialAction\":[{\"@type\":\"SearchAction\",\"target\":{\"@type\":\"EntryPoint\",\"urlTemplate\":\"https:\/\/www.coparentalys.com\/blog\/?s={search_term_string}\"},\"query-input\":\"required name=search_term_string\"}],\"inLanguage\":\"fr-FR\"},{\"@type\":\"Organization\",\"@id\":\"https:\/\/www.coparentalys.com\/blog\/#organization\",\"name\":\"CoparentaLys\",\"url\":\"https:\/\/www.coparentalys.com\/blog\/\",\"logo\":{\"@type\":\"ImageObject\",\"inLanguage\":\"fr-FR\",\"@id\":\"https:\/\/www.coparentalys.com\/blog\/#\/schema\/logo\/image\/\",\"url\":\"https:\/\/www.coparentalys.com\/blog\/wp-content\/uploads\/2023\/06\/cropped-circle-coparentalys30px-1.png\",\"contentUrl\":\"https:\/\/www.coparentalys.com\/blog\/wp-content\/uploads\/2023\/06\/cropped-circle-coparentalys30px-1.png\",\"width\":45,\"height\":45,\"caption\":\"CoparentaLys\"},\"image\":{\"@id\":\"https:\/\/www.coparentalys.com\/blog\/#\/schema\/logo\/image\/\"},\"sameAs\":[\"https:\/\/www.facebook.com\/coparentalite\/\",\"https:\/\/twitter.com\/CoParentaLys\"]},{\"@type\":\"Person\",\"@id\":\"https:\/\/www.coparentalys.com\/blog\/#\/schema\/person\/f5874233a536c2135c8d801b4a13c9ca\",\"name\":\"admincoparentalys\",\"image\":{\"@type\":\"ImageObject\",\"inLanguage\":\"fr-FR\",\"@id\":\"https:\/\/www.coparentalys.com\/blog\/#\/schema\/person\/image\/\",\"url\":\"https:\/\/secure.gravatar.com\/avatar\/243501ee1647261106694fadee6cac52?s=96&d=mm&r=g\",\"contentUrl\":\"https:\/\/secure.gravatar.com\/avatar\/243501ee1647261106694fadee6cac52?s=96&d=mm&r=g\",\"caption\":\"admincoparentalys\"},\"url\":\"https:\/\/www.coparentalys.com\/blog\/author\/admincoparentalys\/\"}]}<\/script>\n<!-- \/ Yoast SEO plugin. -->","yoast_head_json":{"title":"Combattre la peur de ne pas avoir assez de lait - Blog CoparentaLys","robots":{"index":"index","follow":"follow","max-snippet":"max-snippet:-1","max-image-preview":"max-image-preview:large","max-video-preview":"max-video-preview:-1"},"canonical":"https:\/\/www.coparentalys.com\/blog\/2023\/06\/07\/combattre-la-peur-de-ne-pas-avoir-assez-de-lait\/","og_locale":"fr_FR","og_type":"article","og_title":"Combattre la peur de ne pas avoir assez de lait - Blog CoparentaLys","og_description":"La peur de ne pas avoir assez de lait est un ph\u00e9nom\u00e8ne qui touche en g\u00e9n\u00e9ral les jeunes m\u00e8res. Elle","og_url":"https:\/\/www.coparentalys.com\/blog\/2023\/06\/07\/combattre-la-peur-de-ne-pas-avoir-assez-de-lait\/","og_site_name":"Blog CoparentaLys","article_publisher":"https:\/\/www.facebook.com\/coparentalite\/","article_published_time":"2023-06-07T07:21:02+00:00","og_image":[{"width":1200,"height":800,"url":"https:\/\/www.coparentalys.com\/blog\/wp-content\/uploads\/2023\/06\/mom-breastfeeds-the-baby-2022-11-15-09-04-29-utc.jpg","type":"image\/jpeg"}],"author":"admincoparentalys","twitter_card":"summary_large_image","twitter_creator":"@CoParentaLys","twitter_site":"@CoParentaLys","twitter_misc":{"\u00c9crit par":"admincoparentalys","Dur\u00e9e de lecture estim\u00e9e":"7 minutes"},"schema":{"@context":"https:\/\/schema.org","@graph":[{"@type":"Article","@id":"https:\/\/www.coparentalys.com\/blog\/2023\/06\/07\/combattre-la-peur-de-ne-pas-avoir-assez-de-lait\/#article","isPartOf":{"@id":"https:\/\/www.coparentalys.com\/blog\/2023\/06\/07\/combattre-la-peur-de-ne-pas-avoir-assez-de-lait\/"},"author":{"name":"admincoparentalys","@id":"https:\/\/www.coparentalys.com\/blog\/#\/schema\/person\/f5874233a536c2135c8d801b4a13c9ca"},"headline":"Combattre la peur de ne pas avoir assez de lait","datePublished":"2023-06-07T07:21:02+00:00","dateModified":"2023-06-07T07:21:02+00:00","mainEntityOfPage":{"@id":"https:\/\/www.coparentalys.com\/blog\/2023\/06\/07\/combattre-la-peur-de-ne-pas-avoir-assez-de-lait\/"},"wordCount":1411,"publisher":{"@id":"https:\/\/www.coparentalys.com\/blog\/#organization"},"articleSection":["Devenir Parents"],"inLanguage":"fr-FR"},{"@type":"WebPage","@id":"https:\/\/www.coparentalys.com\/blog\/2023\/06\/07\/combattre-la-peur-de-ne-pas-avoir-assez-de-lait\/","url":"https:\/\/www.coparentalys.com\/blog\/2023\/06\/07\/combattre-la-peur-de-ne-pas-avoir-assez-de-lait\/","name":"Combattre la peur de ne pas avoir assez de lait - Blog CoparentaLys","isPartOf":{"@id":"https:\/\/www.coparentalys.com\/blog\/#website"},"datePublished":"2023-06-07T07:21:02+00:00","dateModified":"2023-06-07T07:21:02+00:00","breadcrumb":{"@id":"https:\/\/www.coparentalys.com\/blog\/2023\/06\/07\/combattre-la-peur-de-ne-pas-avoir-assez-de-lait\/#breadcrumb"},"inLanguage":"fr-FR","potentialAction":[{"@type":"ReadAction","target":["https:\/\/www.coparentalys.com\/blog\/2023\/06\/07\/combattre-la-peur-de-ne-pas-avoir-assez-de-lait\/"]}]},{"@type":"BreadcrumbList","@id":"https:\/\/www.coparentalys.com\/blog\/2023\/06\/07\/combattre-la-peur-de-ne-pas-avoir-assez-de-lait\/#breadcrumb","itemListElement":[{"@type":"ListItem","position":1,"name":"Accueil","item":"https:\/\/www.coparentalys.com\/blog\/"},{"@type":"ListItem","position":2,"name":"Combattre la peur de ne pas avoir assez de lait"}]},{"@type":"WebSite","@id":"https:\/\/www.coparentalys.com\/blog\/#website","url":"https:\/\/www.coparentalys.com\/blog\/","name":"Blog CoparentaLys","description":"","publisher":{"@id":"https:\/\/www.coparentalys.com\/blog\/#organization"},"potentialAction":[{"@type":"SearchAction","target":{"@type":"EntryPoint","urlTemplate":"https:\/\/www.coparentalys.com\/blog\/?s={search_term_string}"},"query-input":"required name=search_term_string"}],"inLanguage":"fr-FR"},{"@type":"Organization","@id":"https:\/\/www.coparentalys.com\/blog\/#organization","name":"CoparentaLys","url":"https:\/\/www.coparentalys.com\/blog\/","logo":{"@type":"ImageObject","inLanguage":"fr-FR","@id":"https:\/\/www.coparentalys.com\/blog\/#\/schema\/logo\/image\/","url":"https:\/\/www.coparentalys.com\/blog\/wp-content\/uploads\/2023\/06\/cropped-circle-coparentalys30px-1.png","contentUrl":"https:\/\/www.coparentalys.com\/blog\/wp-content\/uploads\/2023\/06\/cropped-circle-coparentalys30px-1.png","width":45,"height":45,"caption":"CoparentaLys"},"image":{"@id":"https:\/\/www.coparentalys.com\/blog\/#\/schema\/logo\/image\/"},"sameAs":["https:\/\/www.facebook.com\/coparentalite\/","https:\/\/twitter.com\/CoParentaLys"]},{"@type":"Person","@id":"https:\/\/www.coparentalys.com\/blog\/#\/schema\/person\/f5874233a536c2135c8d801b4a13c9ca","name":"admincoparentalys","image":{"@type":"ImageObject","inLanguage":"fr-FR","@id":"https:\/\/www.coparentalys.com\/blog\/#\/schema\/person\/image\/","url":"https:\/\/secure.gravatar.com\/avatar\/243501ee1647261106694fadee6cac52?s=96&d=mm&r=g","contentUrl":"https:\/\/secure.gravatar.com\/avatar\/243501ee1647261106694fadee6cac52?s=96&d=mm&r=g","caption":"admincoparentalys"},"url":"https:\/\/www.coparentalys.com\/blog\/author\/admincoparentalys\/"}]}},"_links":{"self":[{"href":"https:\/\/www.coparentalys.com\/blog\/wp-json\/wp\/v2\/posts\/1243"}],"collection":[{"href":"https:\/\/www.coparentalys.com\/blog\/wp-json\/wp\/v2\/posts"}],"about":[{"href":"https:\/\/www.coparentalys.com\/blog\/wp-json\/wp\/v2\/types\/post"}],"author":[{"embeddable":true,"href":"https:\/\/www.coparentalys.com\/blog\/wp-json\/wp\/v2\/users\/1"}],"replies":[{"embeddable":true,"href":"https:\/\/www.coparentalys.com\/blog\/wp-json\/wp\/v2\/comments?post=1243"}],"version-history":[{"count":1,"href":"https:\/\/www.coparentalys.com\/blog\/wp-json\/wp\/v2\/posts\/1243\/revisions"}],"predecessor-version":[{"id":1245,"href":"https:\/\/www.coparentalys.com\/blog\/wp-json\/wp\/v2\/posts\/1243\/revisions\/1245"}],"wp:featuredmedia":[{"embeddable":true,"href":"https:\/\/www.coparentalys.com\/blog\/wp-json\/wp\/v2\/media\/1244"}],"wp:attachment":[{"href":"https:\/\/www.coparentalys.com\/blog\/wp-json\/wp\/v2\/media?parent=1243"}],"wp:term":[{"taxonomy":"category","embeddable":true,"href":"https:\/\/www.coparentalys.com\/blog\/wp-json\/wp\/v2\/categories?post=1243"},{"taxonomy":"post_tag","embeddable":true,"href":"https:\/\/www.coparentalys.com\/blog\/wp-json\/wp\/v2\/tags?post=1243"}],"curies":[{"name":"wp","href":"https:\/\/api.w.org\/{rel}","templated":true}]}}