{"id":145,"date":"2018-11-08T14:20:16","date_gmt":"2018-11-08T13:20:16","guid":{"rendered":"https:\/\/www.coparentalys.com\/blog\/?p=145"},"modified":"2018-11-14T11:06:48","modified_gmt":"2018-11-14T10:06:48","slug":"lhomoparentalite-en-france-se-porte-t-elle-bien","status":"publish","type":"post","link":"https:\/\/www.coparentalys.com\/blog\/2018\/11\/08\/lhomoparentalite-en-france-se-porte-t-elle-bien\/","title":{"rendered":"L&rsquo;homoparentalit\u00e9 en France se porte-t-elle bien ?"},"content":{"rendered":"<p>Plusieurs ann\u00e9es apr\u00e8s l\u2019adoption du <a href=\"https:\/\/www.coparentalys.com\/blog\/2023\/06\/27\/les-petites-filles-revent-elles-toujours-de-mariage\/\">mariage<\/a> pour tous, nous avons voulu revenir sur la r\u00e9alit\u00e9 de l\u2019homoparentalit\u00e9 dans l\u2019Hexagone. Le mariage homosexuel a-t-il permis de rendre l\u2019homoparentalit\u00e9 plus simple, plus heureuse, mieux reconnue ?<\/p>\n<h4>Du mariage \u00e0 l\u2019adoption : en bonne voie !<\/h4>\n<p>Le 17 mai 2013 \u00e9tait vot\u00e9 la loi pour le mariage pour tous, ouvrant non seulement le mariage \u00e0 deux personnes de m\u00eame sexe, mais aussi leur permettant d\u2019adopter un enfant. De fait, l\u2019homoparentalit\u00e9 est enfin autoris\u00e9e et reconnue. Un grand pas en avant dans notre soci\u00e9t\u00e9.<br \/>\nCependant, l\u2019adoption qui a toujours \u00e9tait un parcours du combattant, l\u2019est encore un peu plus pour les couples homosexuels, m\u00eame 4 ans apr\u00e8s l\u2019ouverture du mariage aux couples homos. En effet, des couples homos racontent avoir \u00e9t\u00e9 confront\u00e9s \u00e0 une contrainte de taille : il leur a \u00e9t\u00e9 impossible d\u2019acc\u00e9der \u00e0 l\u2019adoption d\u2019enfants pupilles de l\u2019\u00c9tat, qui auraient \u00e9t\u00e9 r\u00e9serv\u00e9s aux couples h\u00e9t\u00e9rosexuels, selon une information publi\u00e9e par Marie Claire. Ne reste donc plus que l\u2019adoption d\u2019un enfant provenant de l\u2019\u00e9tranger. Non pas que cela pose un probl\u00e8me en soi, mais cela complique forc\u00e9ment la d\u00e9marche, ne serait-ce que pour rencontrer l\u2019enfant avant son adoption. Des d\u00e9placements dans des pays lointains ne sont pas \u00e0 la port\u00e9e de tous.<br \/>\nIl y a donc du progr\u00e8s \u00e0 faire pour que l\u2019adoption soit r\u00e9ellement ouverte aux couples homos, si l\u2019on en croit ces t\u00e9moignages.<\/p>\n<h4>Du mariage \u00e0 la PMA : peut mieux faire !<\/h4>\n<p>C\u2019est aussi \u00e0 l\u2019\u00e9poque de la loi du mariage pour tous que le gouvernement avait annonc\u00e9 l\u2019ouverture de la PMA \u00e0 toutes les femmes, et non pas \u00e0 celles pouvant justifier d\u2019une vie de couple avec leur conjoint depuis plus de 2 ans. 4 ans apr\u00e8s, ce n\u2019est toujours pas fait, si bien que les couples lesbiens ont opt\u00e9 pour une ruse l\u00e9gale leur permettant de devenir m\u00e8res en proc\u00e9dant \u00e0 une PMA \u00e0 l\u2019\u00e9tranger (Belgique, Espagne et Danemark principalement, qui autorisent la PMA contrairement \u00e0 la France). L\u2019enfant n\u00e9 de cette PMA peut ensuite \u00eatre l\u00e9galement adopt\u00e9 en France. Une d\u00e9marche qui reste tir\u00e9e par les cheveux m\u00eame si elle permet aux couples lesbiens de devenir parent, le plus naturellement possible.<\/p>\n<h4>2018 : l\u2019ann\u00e9e de la PMA pour tous ?<\/h4>\n<p>Apr\u00e8s consultation du comit\u00e9 d\u2019\u00e9thique qui a rendu un avis favorable concernant l\u2019ouverture de la PMA \u00e0 toutes les femmes, le gouvernement proposera en 2018le projet de loi. Celle-ci devrait permettre une <a href=\"https:\/\/www.coparentalys.com\/blog\/2023\/08\/03\/insemination-femme-seule-comment-faire-un-enfant-en-etant-celibataire\/\">Procr\u00e9ation M\u00e9dicalement Assist\u00e9e<\/a>, soit par ins\u00e9mination avec <a href=\"https:\/\/www.coparentalys.com\/blog\/2018\/11\/08\/don-de-sperme-en-france\/\">donneur de sperme<\/a> (= ins\u00e9mination artificielle), soit par FIV.<br \/>\nUne l\u00e9galisation qui permettrait aux couples homosexuels de pouvoir fonder leur <a href=\"https:\/\/www.coparentalys.com\/blog\/2023\/06\/30\/la-famille-traditionnelle-toujours-desirable\/\">famille<\/a> aussi sereinement qu\u2019une autre. Loin des contraintes l\u00e9gislatives et de la n\u00e9cessit\u00e9 de se rendre \u00e0 l\u2019\u00e9tranger pour devenir parent, l\u2019homoparentalit\u00e9 ne pourra que se porter mieux. Mais, rien n\u2019est fait \u00e0 ce jour, les LGBT restent donc dans l\u2019attente, et ce depuis 2013.<br \/>\nSi effectivement la loi l\u2019autorise enfin, la PMA sera aussi facilit\u00e9e pour les couples h\u00e9t\u00e9rosexuels qui ne peuvent justifier de leur vie de couple pendant les 2 derni\u00e8res ann\u00e9es.<\/p>\n","protected":false},"excerpt":{"rendered":"<p>Plusieurs ann\u00e9es apr\u00e8s l\u2019adoption du mariage pour tous, nous avons voulu revenir sur la r\u00e9alit\u00e9 de l\u2019homoparentalit\u00e9 dans l\u2019Hexagone. Le<\/p>\n","protected":false},"author":1,"featured_media":146,"comment_status":"open","ping_status":"open","sticky":false,"template":"","format":"standard","meta":[],"categories":[6],"tags":[],"yoast_head":"<!-- This site is optimized with the Yoast SEO plugin v20.12 - https:\/\/yoast.com\/wordpress\/plugins\/seo\/ -->\n<title>L&#039;homoparentalit\u00e9 en France se porte-t-elle bien ? - Blog CoparentaLys<\/title>\n<meta name=\"robots\" content=\"index, follow, max-snippet:-1, max-image-preview:large, max-video-preview:-1\" \/>\n<link rel=\"canonical\" href=\"https:\/\/www.coparentalys.com\/blog\/2018\/11\/08\/lhomoparentalite-en-france-se-porte-t-elle-bien\/\" \/>\n<meta property=\"og:locale\" content=\"fr_FR\" \/>\n<meta property=\"og:type\" content=\"article\" \/>\n<meta property=\"og:title\" content=\"L&#039;homoparentalit\u00e9 en France se porte-t-elle bien ? - Blog CoparentaLys\" \/>\n<meta property=\"og:description\" content=\"Plusieurs ann\u00e9es apr\u00e8s l\u2019adoption du mariage pour tous, nous avons voulu revenir sur la r\u00e9alit\u00e9 de l\u2019homoparentalit\u00e9 dans l\u2019Hexagone. Le\" \/>\n<meta property=\"og:url\" content=\"https:\/\/www.coparentalys.com\/blog\/2018\/11\/08\/lhomoparentalite-en-france-se-porte-t-elle-bien\/\" \/>\n<meta property=\"og:site_name\" content=\"Blog CoparentaLys\" \/>\n<meta property=\"article:publisher\" content=\"https:\/\/www.facebook.com\/coparentalite\/\" \/>\n<meta property=\"article:published_time\" content=\"2018-11-08T13:20:16+00:00\" \/>\n<meta property=\"article:modified_time\" content=\"2018-11-14T10:06:48+00:00\" \/>\n<meta property=\"og:image\" content=\"https:\/\/www.coparentalys.com\/blog\/wp-content\/uploads\/2018\/11\/homoparentalite-en-france-2017-2018.jpg\" \/>\n\t<meta property=\"og:image:width\" content=\"450\" \/>\n\t<meta property=\"og:image:height\" content=\"300\" \/>\n\t<meta property=\"og:image:type\" content=\"image\/jpeg\" \/>\n<meta name=\"author\" content=\"admincoparentalys\" \/>\n<meta name=\"twitter:card\" content=\"summary_large_image\" \/>\n<meta name=\"twitter:creator\" content=\"@CoParentaLys\" \/>\n<meta name=\"twitter:site\" content=\"@CoParentaLys\" \/>\n<meta name=\"twitter:label1\" content=\"\u00c9crit par\" \/>\n\t<meta name=\"twitter:data1\" content=\"admincoparentalys\" \/>\n\t<meta name=\"twitter:label2\" content=\"Dur\u00e9e de lecture estim\u00e9e\" \/>\n\t<meta name=\"twitter:data2\" content=\"3 minutes\" \/>\n<script type=\"application\/ld+json\" class=\"yoast-schema-graph\">{\"@context\":\"https:\/\/schema.org\",\"@graph\":[{\"@type\":\"Article\",\"@id\":\"https:\/\/www.coparentalys.com\/blog\/2018\/11\/08\/lhomoparentalite-en-france-se-porte-t-elle-bien\/#article\",\"isPartOf\":{\"@id\":\"https:\/\/www.coparentalys.com\/blog\/2018\/11\/08\/lhomoparentalite-en-france-se-porte-t-elle-bien\/\"},\"author\":{\"name\":\"admincoparentalys\",\"@id\":\"https:\/\/www.coparentalys.com\/blog\/#\/schema\/person\/f5874233a536c2135c8d801b4a13c9ca\"},\"headline\":\"L&rsquo;homoparentalit\u00e9 en France se porte-t-elle bien ?\",\"datePublished\":\"2018-11-08T13:20:16+00:00\",\"dateModified\":\"2018-11-14T10:06:48+00:00\",\"mainEntityOfPage\":{\"@id\":\"https:\/\/www.coparentalys.com\/blog\/2018\/11\/08\/lhomoparentalite-en-france-se-porte-t-elle-bien\/\"},\"wordCount\":561,\"commentCount\":0,\"publisher\":{\"@id\":\"https:\/\/www.coparentalys.com\/blog\/#organization\"},\"articleSection\":[\"Homoparentalit\u00e9\"],\"inLanguage\":\"fr-FR\",\"potentialAction\":[{\"@type\":\"CommentAction\",\"name\":\"Comment\",\"target\":[\"https:\/\/www.coparentalys.com\/blog\/2018\/11\/08\/lhomoparentalite-en-france-se-porte-t-elle-bien\/#respond\"]}]},{\"@type\":\"WebPage\",\"@id\":\"https:\/\/www.coparentalys.com\/blog\/2018\/11\/08\/lhomoparentalite-en-france-se-porte-t-elle-bien\/\",\"url\":\"https:\/\/www.coparentalys.com\/blog\/2018\/11\/08\/lhomoparentalite-en-france-se-porte-t-elle-bien\/\",\"name\":\"L'homoparentalit\u00e9 en France se porte-t-elle bien ? - Blog CoparentaLys\",\"isPartOf\":{\"@id\":\"https:\/\/www.coparentalys.com\/blog\/#website\"},\"datePublished\":\"2018-11-08T13:20:16+00:00\",\"dateModified\":\"2018-11-14T10:06:48+00:00\",\"breadcrumb\":{\"@id\":\"https:\/\/www.coparentalys.com\/blog\/2018\/11\/08\/lhomoparentalite-en-france-se-porte-t-elle-bien\/#breadcrumb\"},\"inLanguage\":\"fr-FR\",\"potentialAction\":[{\"@type\":\"ReadAction\",\"target\":[\"https:\/\/www.coparentalys.com\/blog\/2018\/11\/08\/lhomoparentalite-en-france-se-porte-t-elle-bien\/\"]}]},{\"@type\":\"BreadcrumbList\",\"@id\":\"https:\/\/www.coparentalys.com\/blog\/2018\/11\/08\/lhomoparentalite-en-france-se-porte-t-elle-bien\/#breadcrumb\",\"itemListElement\":[{\"@type\":\"ListItem\",\"position\":1,\"name\":\"Accueil\",\"item\":\"https:\/\/www.coparentalys.com\/blog\/\"},{\"@type\":\"ListItem\",\"position\":2,\"name\":\"L&rsquo;homoparentalit\u00e9 en France se porte-t-elle bien ?\"}]},{\"@type\":\"WebSite\",\"@id\":\"https:\/\/www.coparentalys.com\/blog\/#website\",\"url\":\"https:\/\/www.coparentalys.com\/blog\/\",\"name\":\"Blog CoparentaLys\",\"description\":\"\",\"publisher\":{\"@id\":\"https:\/\/www.coparentalys.com\/blog\/#organization\"},\"potentialAction\":[{\"@type\":\"SearchAction\",\"target\":{\"@type\":\"EntryPoint\",\"urlTemplate\":\"https:\/\/www.coparentalys.com\/blog\/?s={search_term_string}\"},\"query-input\":\"required name=search_term_string\"}],\"inLanguage\":\"fr-FR\"},{\"@type\":\"Organization\",\"@id\":\"https:\/\/www.coparentalys.com\/blog\/#organization\",\"name\":\"CoparentaLys\",\"url\":\"https:\/\/www.coparentalys.com\/blog\/\",\"logo\":{\"@type\":\"ImageObject\",\"inLanguage\":\"fr-FR\",\"@id\":\"https:\/\/www.coparentalys.com\/blog\/#\/schema\/logo\/image\/\",\"url\":\"https:\/\/www.coparentalys.com\/blog\/wp-content\/uploads\/2023\/06\/cropped-circle-coparentalys30px-1.png\",\"contentUrl\":\"https:\/\/www.coparentalys.com\/blog\/wp-content\/uploads\/2023\/06\/cropped-circle-coparentalys30px-1.png\",\"width\":45,\"height\":45,\"caption\":\"CoparentaLys\"},\"image\":{\"@id\":\"https:\/\/www.coparentalys.com\/blog\/#\/schema\/logo\/image\/\"},\"sameAs\":[\"https:\/\/www.facebook.com\/coparentalite\/\",\"https:\/\/twitter.com\/CoParentaLys\"]},{\"@type\":\"Person\",\"@id\":\"https:\/\/www.coparentalys.com\/blog\/#\/schema\/person\/f5874233a536c2135c8d801b4a13c9ca\",\"name\":\"admincoparentalys\",\"image\":{\"@type\":\"ImageObject\",\"inLanguage\":\"fr-FR\",\"@id\":\"https:\/\/www.coparentalys.com\/blog\/#\/schema\/person\/image\/\",\"url\":\"https:\/\/secure.gravatar.com\/avatar\/243501ee1647261106694fadee6cac52?s=96&d=mm&r=g\",\"contentUrl\":\"https:\/\/secure.gravatar.com\/avatar\/243501ee1647261106694fadee6cac52?s=96&d=mm&r=g\",\"caption\":\"admincoparentalys\"},\"url\":\"https:\/\/www.coparentalys.com\/blog\/author\/admincoparentalys\/\"}]}<\/script>\n<!-- \/ Yoast SEO plugin. -->","yoast_head_json":{"title":"L'homoparentalit\u00e9 en France se porte-t-elle bien ? - Blog CoparentaLys","robots":{"index":"index","follow":"follow","max-snippet":"max-snippet:-1","max-image-preview":"max-image-preview:large","max-video-preview":"max-video-preview:-1"},"canonical":"https:\/\/www.coparentalys.com\/blog\/2018\/11\/08\/lhomoparentalite-en-france-se-porte-t-elle-bien\/","og_locale":"fr_FR","og_type":"article","og_title":"L'homoparentalit\u00e9 en France se porte-t-elle bien ? - Blog CoparentaLys","og_description":"Plusieurs ann\u00e9es apr\u00e8s l\u2019adoption du mariage pour tous, nous avons voulu revenir sur la r\u00e9alit\u00e9 de l\u2019homoparentalit\u00e9 dans l\u2019Hexagone. Le","og_url":"https:\/\/www.coparentalys.com\/blog\/2018\/11\/08\/lhomoparentalite-en-france-se-porte-t-elle-bien\/","og_site_name":"Blog CoparentaLys","article_publisher":"https:\/\/www.facebook.com\/coparentalite\/","article_published_time":"2018-11-08T13:20:16+00:00","article_modified_time":"2018-11-14T10:06:48+00:00","og_image":[{"width":450,"height":300,"url":"https:\/\/www.coparentalys.com\/blog\/wp-content\/uploads\/2018\/11\/homoparentalite-en-france-2017-2018.jpg","type":"image\/jpeg"}],"author":"admincoparentalys","twitter_card":"summary_large_image","twitter_creator":"@CoParentaLys","twitter_site":"@CoParentaLys","twitter_misc":{"\u00c9crit par":"admincoparentalys","Dur\u00e9e de lecture estim\u00e9e":"3 minutes"},"schema":{"@context":"https:\/\/schema.org","@graph":[{"@type":"Article","@id":"https:\/\/www.coparentalys.com\/blog\/2018\/11\/08\/lhomoparentalite-en-france-se-porte-t-elle-bien\/#article","isPartOf":{"@id":"https:\/\/www.coparentalys.com\/blog\/2018\/11\/08\/lhomoparentalite-en-france-se-porte-t-elle-bien\/"},"author":{"name":"admincoparentalys","@id":"https:\/\/www.coparentalys.com\/blog\/#\/schema\/person\/f5874233a536c2135c8d801b4a13c9ca"},"headline":"L&rsquo;homoparentalit\u00e9 en France se porte-t-elle bien ?","datePublished":"2018-11-08T13:20:16+00:00","dateModified":"2018-11-14T10:06:48+00:00","mainEntityOfPage":{"@id":"https:\/\/www.coparentalys.com\/blog\/2018\/11\/08\/lhomoparentalite-en-france-se-porte-t-elle-bien\/"},"wordCount":561,"commentCount":0,"publisher":{"@id":"https:\/\/www.coparentalys.com\/blog\/#organization"},"articleSection":["Homoparentalit\u00e9"],"inLanguage":"fr-FR","potentialAction":[{"@type":"CommentAction","name":"Comment","target":["https:\/\/www.coparentalys.com\/blog\/2018\/11\/08\/lhomoparentalite-en-france-se-porte-t-elle-bien\/#respond"]}]},{"@type":"WebPage","@id":"https:\/\/www.coparentalys.com\/blog\/2018\/11\/08\/lhomoparentalite-en-france-se-porte-t-elle-bien\/","url":"https:\/\/www.coparentalys.com\/blog\/2018\/11\/08\/lhomoparentalite-en-france-se-porte-t-elle-bien\/","name":"L'homoparentalit\u00e9 en France se porte-t-elle bien ? - Blog CoparentaLys","isPartOf":{"@id":"https:\/\/www.coparentalys.com\/blog\/#website"},"datePublished":"2018-11-08T13:20:16+00:00","dateModified":"2018-11-14T10:06:48+00:00","breadcrumb":{"@id":"https:\/\/www.coparentalys.com\/blog\/2018\/11\/08\/lhomoparentalite-en-france-se-porte-t-elle-bien\/#breadcrumb"},"inLanguage":"fr-FR","potentialAction":[{"@type":"ReadAction","target":["https:\/\/www.coparentalys.com\/blog\/2018\/11\/08\/lhomoparentalite-en-france-se-porte-t-elle-bien\/"]}]},{"@type":"BreadcrumbList","@id":"https:\/\/www.coparentalys.com\/blog\/2018\/11\/08\/lhomoparentalite-en-france-se-porte-t-elle-bien\/#breadcrumb","itemListElement":[{"@type":"ListItem","position":1,"name":"Accueil","item":"https:\/\/www.coparentalys.com\/blog\/"},{"@type":"ListItem","position":2,"name":"L&rsquo;homoparentalit\u00e9 en France se porte-t-elle bien ?"}]},{"@type":"WebSite","@id":"https:\/\/www.coparentalys.com\/blog\/#website","url":"https:\/\/www.coparentalys.com\/blog\/","name":"Blog CoparentaLys","description":"","publisher":{"@id":"https:\/\/www.coparentalys.com\/blog\/#organization"},"potentialAction":[{"@type":"SearchAction","target":{"@type":"EntryPoint","urlTemplate":"https:\/\/www.coparentalys.com\/blog\/?s={search_term_string}"},"query-input":"required name=search_term_string"}],"inLanguage":"fr-FR"},{"@type":"Organization","@id":"https:\/\/www.coparentalys.com\/blog\/#organization","name":"CoparentaLys","url":"https:\/\/www.coparentalys.com\/blog\/","logo":{"@type":"ImageObject","inLanguage":"fr-FR","@id":"https:\/\/www.coparentalys.com\/blog\/#\/schema\/logo\/image\/","url":"https:\/\/www.coparentalys.com\/blog\/wp-content\/uploads\/2023\/06\/cropped-circle-coparentalys30px-1.png","contentUrl":"https:\/\/www.coparentalys.com\/blog\/wp-content\/uploads\/2023\/06\/cropped-circle-coparentalys30px-1.png","width":45,"height":45,"caption":"CoparentaLys"},"image":{"@id":"https:\/\/www.coparentalys.com\/blog\/#\/schema\/logo\/image\/"},"sameAs":["https:\/\/www.facebook.com\/coparentalite\/","https:\/\/twitter.com\/CoParentaLys"]},{"@type":"Person","@id":"https:\/\/www.coparentalys.com\/blog\/#\/schema\/person\/f5874233a536c2135c8d801b4a13c9ca","name":"admincoparentalys","image":{"@type":"ImageObject","inLanguage":"fr-FR","@id":"https:\/\/www.coparentalys.com\/blog\/#\/schema\/person\/image\/","url":"https:\/\/secure.gravatar.com\/avatar\/243501ee1647261106694fadee6cac52?s=96&d=mm&r=g","contentUrl":"https:\/\/secure.gravatar.com\/avatar\/243501ee1647261106694fadee6cac52?s=96&d=mm&r=g","caption":"admincoparentalys"},"url":"https:\/\/www.coparentalys.com\/blog\/author\/admincoparentalys\/"}]}},"_links":{"self":[{"href":"https:\/\/www.coparentalys.com\/blog\/wp-json\/wp\/v2\/posts\/145"}],"collection":[{"href":"https:\/\/www.coparentalys.com\/blog\/wp-json\/wp\/v2\/posts"}],"about":[{"href":"https:\/\/www.coparentalys.com\/blog\/wp-json\/wp\/v2\/types\/post"}],"author":[{"embeddable":true,"href":"https:\/\/www.coparentalys.com\/blog\/wp-json\/wp\/v2\/users\/1"}],"replies":[{"embeddable":true,"href":"https:\/\/www.coparentalys.com\/blog\/wp-json\/wp\/v2\/comments?post=145"}],"version-history":[{"count":3,"href":"https:\/\/www.coparentalys.com\/blog\/wp-json\/wp\/v2\/posts\/145\/revisions"}],"predecessor-version":[{"id":237,"href":"https:\/\/www.coparentalys.com\/blog\/wp-json\/wp\/v2\/posts\/145\/revisions\/237"}],"wp:featuredmedia":[{"embeddable":true,"href":"https:\/\/www.coparentalys.com\/blog\/wp-json\/wp\/v2\/media\/146"}],"wp:attachment":[{"href":"https:\/\/www.coparentalys.com\/blog\/wp-json\/wp\/v2\/media?parent=145"}],"wp:term":[{"taxonomy":"category","embeddable":true,"href":"https:\/\/www.coparentalys.com\/blog\/wp-json\/wp\/v2\/categories?post=145"},{"taxonomy":"post_tag","embeddable":true,"href":"https:\/\/www.coparentalys.com\/blog\/wp-json\/wp\/v2\/tags?post=145"}],"curies":[{"name":"wp","href":"https:\/\/api.w.org\/{rel}","templated":true}]}}