{"id":148,"date":"2018-11-08T14:21:32","date_gmt":"2018-11-08T13:21:32","guid":{"rendered":"https:\/\/www.coparentalys.com\/blog\/?p=148"},"modified":"2018-11-14T11:06:10","modified_gmt":"2018-11-14T10:06:10","slug":"a-quand-le-droit-de-filiation-pour-le-coparent","status":"publish","type":"post","link":"https:\/\/www.coparentalys.com\/blog\/2018\/11\/08\/a-quand-le-droit-de-filiation-pour-le-coparent\/","title":{"rendered":"A quand le droit de filiation pour le coparent ?"},"content":{"rendered":"<p>Puisque la parentalit\u00e9 est la suite logique de la plupart des mariages, on pourrait penser que le <a href=\"https:\/\/www.coparentalys.com\/blog\/2023\/06\/30\/la-famille-traditionnelle-toujours-desirable\/\">mariage<\/a> pour tous a permis aux couples homos de pouvoir faire valoir leur droit de filiation. En r\u00e9alit\u00e9, c\u2019est plus compliqu\u00e9 !<\/p>\n<h4>A l\u2019\u00e9tranger, toujours plus de progr\u00e8s qu\u2019en France<\/h4>\n<p>Comme toujours sur ce sujet, la France est en retard sur d\u2019autres pays europ\u00e9ens, comme la Belgique ou le Danemark. En 2006, le parlement danois a en effet permis le droit de filiation de mani\u00e8re automatique, pour les couples lesbiens, y compris pour les m\u00e8res non biologiques.<br \/>\n11 ans plus tard en France, cela n\u2019est toujours pas possible.<\/p>\n<h4>En France, on avance doucement\u2026<\/h4>\n<p>Actuellement, le droit de filiation existe pour les couples homosexuels mari\u00e9s, ayant adopt\u00e9 un enfant. Mais lorsqu\u2019il s\u2019agit de concevoir un enfant avec 1 couple gay et 1 couple lesbien, seuls les parents biologiques peut faire valoir le droit de filiation. Au final, <a href=\"https:\/\/www.coparentalys.com\/blog\/2018\/11\/08\/la-coparentalite-a-4-des-parents-normaux-mais-en-double\/\">les coparents \u00e0 4 (1 couple lesbien + 1 couple gay)<\/a> comprennent donc 2 coparents qui ne peuvent faire valoir leur droit de filiation. Ils ne sont pas l\u00e9galement reconnus comme parents de l\u2019enfant.<br \/>\nIl est possible en revanche, pour le co-parent, d\u2019adopter l\u2019enfant de son conjoint, en adoption simple, mais aussi en adoption pl\u00e9ni\u00e8re si l\u2019enfant ne poss\u00e8de qu\u2019un parent l\u00e9gal. Autrement dit, pour les enfants qui grandissent au sein d\u2019une <a href=\"https:\/\/www.coparentalys.com\/blog\/2018\/11\/08\/coparentalite-a-4-retour-dexperience\/\">coparentalit\u00e9 \u00e0 4<\/a> (2 couples homos), il y a forc\u00e9ment des parents ou coparents qui ne peuvent pas faire valoir leur droit de filiation avec l\u2019enfant qu\u2019ils \u00e9l\u00e8vent.<\/p>\n<h4>Une situation qui rappelle la situation des beaux-parents<\/h4>\n<p>Depuis l\u2019explosion des divorces, beaucoup d\u2019enfants sont \u00e9lev\u00e9s par un parent et un beau-parent (belle-m\u00e8re ou beau-p\u00e8re). Ce beau-parent n\u2019a pas de droit de filiation et pourtant, il peut \u00e9lever l\u2019enfant tout au long de sa vie, en \u00eatre plus proche qu\u2019un parent qui n\u2019a pas la garde de l\u2019enfant. Finalement, un beau-p\u00e8re ou une belle-m\u00e8re, se trouvent dans la m\u00eame situation qu\u2019un coparent. A partir de ce constat, on comprend mieux pourquoi la France mets du temps \u00e0 l\u00e9gif\u00e9rer en faveur du coparent : il faudrait sans doute en faire de m\u00eame pour les beaux-parents et la d\u00e9marche devient tout de suite de plus grande ampleur !<\/p>\n<h4>En cas de divorce, le coparent est l\u00e9s\u00e9<\/h4>\n<p>Le droit de filiation permet d\u2019exercer son autorit\u00e9 parentale. Autrement dit, en cas de divorce d\u2019un couple homosexuel seul le parent l\u00e9gal peut imposer son autorit\u00e9 et avoir la garde de l\u2019enfant. Il peut d\u00e9cider d\u2019accorder un droit de visite au coparent, ou pas. En cas de divorce conflictuel, le coparent peut donc \u00eatre l\u00e9s\u00e9, sans parler de l\u2019enfant qui se voit priver d\u2019un rep\u00e8re qu\u2019il avait depuis la naissance. La rupture repr\u00e9sente une d\u00e9chirure et c\u2019est d\u2019abord pour cette raison que l\u2019\u00e9tat devrait acc\u00e9l\u00e9rer l\u2019autorisation du droit de filiation pour le coparent : c\u2019est du bien \u00eatre de l\u2019enfant dont on parle, avant tout.<\/p>\n","protected":false},"excerpt":{"rendered":"<p>Puisque la parentalit\u00e9 est la suite logique de la plupart des mariages, on pourrait penser que le mariage pour tous<\/p>\n","protected":false},"author":1,"featured_media":149,"comment_status":"open","ping_status":"open","sticky":false,"template":"","format":"standard","meta":[],"categories":[2,6],"tags":[],"yoast_head":"<!-- This site is optimized with the Yoast SEO plugin v20.12 - https:\/\/yoast.com\/wordpress\/plugins\/seo\/ -->\n<title>A quand le droit de filiation pour le coparent ? - Blog CoparentaLys<\/title>\n<meta name=\"robots\" content=\"index, follow, max-snippet:-1, max-image-preview:large, max-video-preview:-1\" \/>\n<link rel=\"canonical\" href=\"https:\/\/www.coparentalys.com\/blog\/2018\/11\/08\/a-quand-le-droit-de-filiation-pour-le-coparent\/\" \/>\n<meta property=\"og:locale\" content=\"fr_FR\" \/>\n<meta property=\"og:type\" content=\"article\" \/>\n<meta property=\"og:title\" content=\"A quand le droit de filiation pour le coparent ? - Blog CoparentaLys\" \/>\n<meta property=\"og:description\" content=\"Puisque la parentalit\u00e9 est la suite logique de la plupart des mariages, on pourrait penser que le mariage pour tous\" \/>\n<meta property=\"og:url\" content=\"https:\/\/www.coparentalys.com\/blog\/2018\/11\/08\/a-quand-le-droit-de-filiation-pour-le-coparent\/\" \/>\n<meta property=\"og:site_name\" content=\"Blog CoparentaLys\" \/>\n<meta property=\"article:publisher\" content=\"https:\/\/www.facebook.com\/coparentalite\/\" \/>\n<meta property=\"article:published_time\" content=\"2018-11-08T13:21:32+00:00\" \/>\n<meta property=\"article:modified_time\" content=\"2018-11-14T10:06:10+00:00\" \/>\n<meta property=\"og:image\" content=\"https:\/\/www.coparentalys.com\/blog\/wp-content\/uploads\/2018\/11\/A-quand-le-droit-de-filiation-pour-le-coparent.jpg\" \/>\n\t<meta property=\"og:image:width\" content=\"848\" \/>\n\t<meta property=\"og:image:height\" content=\"564\" \/>\n\t<meta property=\"og:image:type\" content=\"image\/jpeg\" \/>\n<meta name=\"author\" content=\"admincoparentalys\" \/>\n<meta name=\"twitter:card\" content=\"summary_large_image\" \/>\n<meta name=\"twitter:creator\" content=\"@CoParentaLys\" \/>\n<meta name=\"twitter:site\" content=\"@CoParentaLys\" \/>\n<meta name=\"twitter:label1\" content=\"\u00c9crit par\" \/>\n\t<meta name=\"twitter:data1\" content=\"admincoparentalys\" \/>\n\t<meta name=\"twitter:label2\" content=\"Dur\u00e9e de lecture estim\u00e9e\" \/>\n\t<meta name=\"twitter:data2\" content=\"3 minutes\" \/>\n<script type=\"application\/ld+json\" class=\"yoast-schema-graph\">{\"@context\":\"https:\/\/schema.org\",\"@graph\":[{\"@type\":\"Article\",\"@id\":\"https:\/\/www.coparentalys.com\/blog\/2018\/11\/08\/a-quand-le-droit-de-filiation-pour-le-coparent\/#article\",\"isPartOf\":{\"@id\":\"https:\/\/www.coparentalys.com\/blog\/2018\/11\/08\/a-quand-le-droit-de-filiation-pour-le-coparent\/\"},\"author\":{\"name\":\"admincoparentalys\",\"@id\":\"https:\/\/www.coparentalys.com\/blog\/#\/schema\/person\/f5874233a536c2135c8d801b4a13c9ca\"},\"headline\":\"A quand le droit de filiation pour le coparent ?\",\"datePublished\":\"2018-11-08T13:21:32+00:00\",\"dateModified\":\"2018-11-14T10:06:10+00:00\",\"mainEntityOfPage\":{\"@id\":\"https:\/\/www.coparentalys.com\/blog\/2018\/11\/08\/a-quand-le-droit-de-filiation-pour-le-coparent\/\"},\"wordCount\":541,\"commentCount\":0,\"publisher\":{\"@id\":\"https:\/\/www.coparentalys.com\/blog\/#organization\"},\"articleSection\":[\"Coparentalit\u00e9\",\"Homoparentalit\u00e9\"],\"inLanguage\":\"fr-FR\",\"potentialAction\":[{\"@type\":\"CommentAction\",\"name\":\"Comment\",\"target\":[\"https:\/\/www.coparentalys.com\/blog\/2018\/11\/08\/a-quand-le-droit-de-filiation-pour-le-coparent\/#respond\"]}]},{\"@type\":\"WebPage\",\"@id\":\"https:\/\/www.coparentalys.com\/blog\/2018\/11\/08\/a-quand-le-droit-de-filiation-pour-le-coparent\/\",\"url\":\"https:\/\/www.coparentalys.com\/blog\/2018\/11\/08\/a-quand-le-droit-de-filiation-pour-le-coparent\/\",\"name\":\"A quand le droit de filiation pour le coparent ? - Blog CoparentaLys\",\"isPartOf\":{\"@id\":\"https:\/\/www.coparentalys.com\/blog\/#website\"},\"datePublished\":\"2018-11-08T13:21:32+00:00\",\"dateModified\":\"2018-11-14T10:06:10+00:00\",\"breadcrumb\":{\"@id\":\"https:\/\/www.coparentalys.com\/blog\/2018\/11\/08\/a-quand-le-droit-de-filiation-pour-le-coparent\/#breadcrumb\"},\"inLanguage\":\"fr-FR\",\"potentialAction\":[{\"@type\":\"ReadAction\",\"target\":[\"https:\/\/www.coparentalys.com\/blog\/2018\/11\/08\/a-quand-le-droit-de-filiation-pour-le-coparent\/\"]}]},{\"@type\":\"BreadcrumbList\",\"@id\":\"https:\/\/www.coparentalys.com\/blog\/2018\/11\/08\/a-quand-le-droit-de-filiation-pour-le-coparent\/#breadcrumb\",\"itemListElement\":[{\"@type\":\"ListItem\",\"position\":1,\"name\":\"Accueil\",\"item\":\"https:\/\/www.coparentalys.com\/blog\/\"},{\"@type\":\"ListItem\",\"position\":2,\"name\":\"A quand le droit de filiation pour le coparent ?\"}]},{\"@type\":\"WebSite\",\"@id\":\"https:\/\/www.coparentalys.com\/blog\/#website\",\"url\":\"https:\/\/www.coparentalys.com\/blog\/\",\"name\":\"Blog CoparentaLys\",\"description\":\"\",\"publisher\":{\"@id\":\"https:\/\/www.coparentalys.com\/blog\/#organization\"},\"potentialAction\":[{\"@type\":\"SearchAction\",\"target\":{\"@type\":\"EntryPoint\",\"urlTemplate\":\"https:\/\/www.coparentalys.com\/blog\/?s={search_term_string}\"},\"query-input\":\"required name=search_term_string\"}],\"inLanguage\":\"fr-FR\"},{\"@type\":\"Organization\",\"@id\":\"https:\/\/www.coparentalys.com\/blog\/#organization\",\"name\":\"CoparentaLys\",\"url\":\"https:\/\/www.coparentalys.com\/blog\/\",\"logo\":{\"@type\":\"ImageObject\",\"inLanguage\":\"fr-FR\",\"@id\":\"https:\/\/www.coparentalys.com\/blog\/#\/schema\/logo\/image\/\",\"url\":\"https:\/\/www.coparentalys.com\/blog\/wp-content\/uploads\/2023\/06\/cropped-circle-coparentalys30px-1.png\",\"contentUrl\":\"https:\/\/www.coparentalys.com\/blog\/wp-content\/uploads\/2023\/06\/cropped-circle-coparentalys30px-1.png\",\"width\":45,\"height\":45,\"caption\":\"CoparentaLys\"},\"image\":{\"@id\":\"https:\/\/www.coparentalys.com\/blog\/#\/schema\/logo\/image\/\"},\"sameAs\":[\"https:\/\/www.facebook.com\/coparentalite\/\",\"https:\/\/twitter.com\/CoParentaLys\"]},{\"@type\":\"Person\",\"@id\":\"https:\/\/www.coparentalys.com\/blog\/#\/schema\/person\/f5874233a536c2135c8d801b4a13c9ca\",\"name\":\"admincoparentalys\",\"image\":{\"@type\":\"ImageObject\",\"inLanguage\":\"fr-FR\",\"@id\":\"https:\/\/www.coparentalys.com\/blog\/#\/schema\/person\/image\/\",\"url\":\"https:\/\/secure.gravatar.com\/avatar\/243501ee1647261106694fadee6cac52?s=96&d=mm&r=g\",\"contentUrl\":\"https:\/\/secure.gravatar.com\/avatar\/243501ee1647261106694fadee6cac52?s=96&d=mm&r=g\",\"caption\":\"admincoparentalys\"},\"url\":\"https:\/\/www.coparentalys.com\/blog\/author\/admincoparentalys\/\"}]}<\/script>\n<!-- \/ Yoast SEO plugin. -->","yoast_head_json":{"title":"A quand le droit de filiation pour le coparent ? - Blog CoparentaLys","robots":{"index":"index","follow":"follow","max-snippet":"max-snippet:-1","max-image-preview":"max-image-preview:large","max-video-preview":"max-video-preview:-1"},"canonical":"https:\/\/www.coparentalys.com\/blog\/2018\/11\/08\/a-quand-le-droit-de-filiation-pour-le-coparent\/","og_locale":"fr_FR","og_type":"article","og_title":"A quand le droit de filiation pour le coparent ? - Blog CoparentaLys","og_description":"Puisque la parentalit\u00e9 est la suite logique de la plupart des mariages, on pourrait penser que le mariage pour tous","og_url":"https:\/\/www.coparentalys.com\/blog\/2018\/11\/08\/a-quand-le-droit-de-filiation-pour-le-coparent\/","og_site_name":"Blog CoparentaLys","article_publisher":"https:\/\/www.facebook.com\/coparentalite\/","article_published_time":"2018-11-08T13:21:32+00:00","article_modified_time":"2018-11-14T10:06:10+00:00","og_image":[{"width":848,"height":564,"url":"https:\/\/www.coparentalys.com\/blog\/wp-content\/uploads\/2018\/11\/A-quand-le-droit-de-filiation-pour-le-coparent.jpg","type":"image\/jpeg"}],"author":"admincoparentalys","twitter_card":"summary_large_image","twitter_creator":"@CoParentaLys","twitter_site":"@CoParentaLys","twitter_misc":{"\u00c9crit par":"admincoparentalys","Dur\u00e9e de lecture estim\u00e9e":"3 minutes"},"schema":{"@context":"https:\/\/schema.org","@graph":[{"@type":"Article","@id":"https:\/\/www.coparentalys.com\/blog\/2018\/11\/08\/a-quand-le-droit-de-filiation-pour-le-coparent\/#article","isPartOf":{"@id":"https:\/\/www.coparentalys.com\/blog\/2018\/11\/08\/a-quand-le-droit-de-filiation-pour-le-coparent\/"},"author":{"name":"admincoparentalys","@id":"https:\/\/www.coparentalys.com\/blog\/#\/schema\/person\/f5874233a536c2135c8d801b4a13c9ca"},"headline":"A quand le droit de filiation pour le coparent ?","datePublished":"2018-11-08T13:21:32+00:00","dateModified":"2018-11-14T10:06:10+00:00","mainEntityOfPage":{"@id":"https:\/\/www.coparentalys.com\/blog\/2018\/11\/08\/a-quand-le-droit-de-filiation-pour-le-coparent\/"},"wordCount":541,"commentCount":0,"publisher":{"@id":"https:\/\/www.coparentalys.com\/blog\/#organization"},"articleSection":["Coparentalit\u00e9","Homoparentalit\u00e9"],"inLanguage":"fr-FR","potentialAction":[{"@type":"CommentAction","name":"Comment","target":["https:\/\/www.coparentalys.com\/blog\/2018\/11\/08\/a-quand-le-droit-de-filiation-pour-le-coparent\/#respond"]}]},{"@type":"WebPage","@id":"https:\/\/www.coparentalys.com\/blog\/2018\/11\/08\/a-quand-le-droit-de-filiation-pour-le-coparent\/","url":"https:\/\/www.coparentalys.com\/blog\/2018\/11\/08\/a-quand-le-droit-de-filiation-pour-le-coparent\/","name":"A quand le droit de filiation pour le coparent ? - Blog CoparentaLys","isPartOf":{"@id":"https:\/\/www.coparentalys.com\/blog\/#website"},"datePublished":"2018-11-08T13:21:32+00:00","dateModified":"2018-11-14T10:06:10+00:00","breadcrumb":{"@id":"https:\/\/www.coparentalys.com\/blog\/2018\/11\/08\/a-quand-le-droit-de-filiation-pour-le-coparent\/#breadcrumb"},"inLanguage":"fr-FR","potentialAction":[{"@type":"ReadAction","target":["https:\/\/www.coparentalys.com\/blog\/2018\/11\/08\/a-quand-le-droit-de-filiation-pour-le-coparent\/"]}]},{"@type":"BreadcrumbList","@id":"https:\/\/www.coparentalys.com\/blog\/2018\/11\/08\/a-quand-le-droit-de-filiation-pour-le-coparent\/#breadcrumb","itemListElement":[{"@type":"ListItem","position":1,"name":"Accueil","item":"https:\/\/www.coparentalys.com\/blog\/"},{"@type":"ListItem","position":2,"name":"A quand le droit de filiation pour le coparent ?"}]},{"@type":"WebSite","@id":"https:\/\/www.coparentalys.com\/blog\/#website","url":"https:\/\/www.coparentalys.com\/blog\/","name":"Blog CoparentaLys","description":"","publisher":{"@id":"https:\/\/www.coparentalys.com\/blog\/#organization"},"potentialAction":[{"@type":"SearchAction","target":{"@type":"EntryPoint","urlTemplate":"https:\/\/www.coparentalys.com\/blog\/?s={search_term_string}"},"query-input":"required name=search_term_string"}],"inLanguage":"fr-FR"},{"@type":"Organization","@id":"https:\/\/www.coparentalys.com\/blog\/#organization","name":"CoparentaLys","url":"https:\/\/www.coparentalys.com\/blog\/","logo":{"@type":"ImageObject","inLanguage":"fr-FR","@id":"https:\/\/www.coparentalys.com\/blog\/#\/schema\/logo\/image\/","url":"https:\/\/www.coparentalys.com\/blog\/wp-content\/uploads\/2023\/06\/cropped-circle-coparentalys30px-1.png","contentUrl":"https:\/\/www.coparentalys.com\/blog\/wp-content\/uploads\/2023\/06\/cropped-circle-coparentalys30px-1.png","width":45,"height":45,"caption":"CoparentaLys"},"image":{"@id":"https:\/\/www.coparentalys.com\/blog\/#\/schema\/logo\/image\/"},"sameAs":["https:\/\/www.facebook.com\/coparentalite\/","https:\/\/twitter.com\/CoParentaLys"]},{"@type":"Person","@id":"https:\/\/www.coparentalys.com\/blog\/#\/schema\/person\/f5874233a536c2135c8d801b4a13c9ca","name":"admincoparentalys","image":{"@type":"ImageObject","inLanguage":"fr-FR","@id":"https:\/\/www.coparentalys.com\/blog\/#\/schema\/person\/image\/","url":"https:\/\/secure.gravatar.com\/avatar\/243501ee1647261106694fadee6cac52?s=96&d=mm&r=g","contentUrl":"https:\/\/secure.gravatar.com\/avatar\/243501ee1647261106694fadee6cac52?s=96&d=mm&r=g","caption":"admincoparentalys"},"url":"https:\/\/www.coparentalys.com\/blog\/author\/admincoparentalys\/"}]}},"_links":{"self":[{"href":"https:\/\/www.coparentalys.com\/blog\/wp-json\/wp\/v2\/posts\/148"}],"collection":[{"href":"https:\/\/www.coparentalys.com\/blog\/wp-json\/wp\/v2\/posts"}],"about":[{"href":"https:\/\/www.coparentalys.com\/blog\/wp-json\/wp\/v2\/types\/post"}],"author":[{"embeddable":true,"href":"https:\/\/www.coparentalys.com\/blog\/wp-json\/wp\/v2\/users\/1"}],"replies":[{"embeddable":true,"href":"https:\/\/www.coparentalys.com\/blog\/wp-json\/wp\/v2\/comments?post=148"}],"version-history":[{"count":3,"href":"https:\/\/www.coparentalys.com\/blog\/wp-json\/wp\/v2\/posts\/148\/revisions"}],"predecessor-version":[{"id":235,"href":"https:\/\/www.coparentalys.com\/blog\/wp-json\/wp\/v2\/posts\/148\/revisions\/235"}],"wp:featuredmedia":[{"embeddable":true,"href":"https:\/\/www.coparentalys.com\/blog\/wp-json\/wp\/v2\/media\/149"}],"wp:attachment":[{"href":"https:\/\/www.coparentalys.com\/blog\/wp-json\/wp\/v2\/media?parent=148"}],"wp:term":[{"taxonomy":"category","embeddable":true,"href":"https:\/\/www.coparentalys.com\/blog\/wp-json\/wp\/v2\/categories?post=148"},{"taxonomy":"post_tag","embeddable":true,"href":"https:\/\/www.coparentalys.com\/blog\/wp-json\/wp\/v2\/tags?post=148"}],"curies":[{"name":"wp","href":"https:\/\/api.w.org\/{rel}","templated":true}]}}