{"id":151,"date":"2018-11-08T14:22:12","date_gmt":"2018-11-08T13:22:12","guid":{"rendered":"https:\/\/www.coparentalys.com\/blog\/?p=151"},"modified":"2018-11-14T11:03:42","modified_gmt":"2018-11-14T10:03:42","slug":"le-mariage-pour-tous-en-allemagne-mieux-quen-france","status":"publish","type":"post","link":"https:\/\/www.coparentalys.com\/blog\/2018\/11\/08\/le-mariage-pour-tous-en-allemagne-mieux-quen-france\/","title":{"rendered":"Le mariage pour tous en Allemagne : mieux qu&rsquo;en France?"},"content":{"rendered":"<p>On se souvient des manifestations houleuses et des discussions politiques qui l\u2019\u00e9taient tout autant lors de la loi du <a href=\"https:\/\/www.coparentalys.com\/blog\/2023\/06\/27\/les-petites-filles-revent-elles-toujours-de-mariage\/\">mariage<\/a> pour tous, en France. Puis certains maires ont affirm\u00e9 qu\u2019ils refuseraient de marier les couples homosexuels. Bref, le mariage pour tous en France, c\u2019est compliqu\u00e9. Mais en Allemagne, comment \u00e7a se passe ?<\/p>\n<h4>Au d\u00e9part, c\u2019\u00e9tait pas gagn\u00e9 !<\/h4>\n<p>Alors qu\u2019en France la loi venait de passer, Angela Merkel affichait clairement son opposition \u00e0 ce que ce projet se r\u00e9alise dans son pays. 4 ans plus tard, elle retirait son opposition et la loi \u00e9tait vot\u00e9. Entre temps, un r\u00e9f\u00e9rendum avait m\u00eame \u00e9tait demand\u00e9. Bref, jusque cela, le mariage pour tous en Allemagne \u00e9tait aussi compliqu\u00e9 qu\u2019en France.<\/p>\n<h4>Des d\u00e9bats politiques plus respectueux ?<\/h4>\n<p>Le 14\u00e8me pays europ\u00e9en \u00e0 l\u00e9galiser le mariage pour tous l\u2019a fait apr\u00e8s certes de nombreux d\u00e9bats, mais des d\u00e9bats visiblement plus respectueux \u00e0 l\u2019\u00e9gard des partisans comme des opposants \u00e0 la loi. Lors de l\u2019ultime d\u00e9bat qui a pr\u00e9c\u00e9d\u00e9 le vote, un homme politique allemand a dit :<br \/>\n\u00ab Il faut respecter les opposants au mariage des couples de m\u00eame sexe. Mais il faut aussi leur rappeler que le mariage pour tous apporte quelque chose \u00e0 beaucoup de personnes, et n\u2019enl\u00e8ve rien aux autres \u00bb<br \/>\nUn bel exemple de tol\u00e9rance, surtout si l\u2019on compare cette phrase aux propos de certains politiques fran\u00e7ais (\u00ab si le P\u00e8re No\u00ebl est une femme, ce n\u2019est plus un P\u00e8re No\u00ebl, par exemple).<br \/>\nFinalement, l\u2019adoption de la loi s\u2019est d\u00e9roul\u00e9e rapidement. Au Bundestag, le d\u00e9bat a dur\u00e9 bien moins longtemps qu\u2019\u00e0 l\u2019Assembl\u00e9e Nationale (1h contre 136h !).<\/p>\n<h4>Des couples homos reconnus depuis longtemps<\/h4>\n<p>Depuis 2001, les couples homosexuels avaient d\u00e9j\u00e0 la possibilit\u00e9 de vivre mieux, de b\u00e9n\u00e9ficier de plus d\u2019avantages et de droits, gr\u00e2ce \u00e0 l\u2019union civile, analogue du <a href=\"https:\/\/www.coparentalys.com\/blog\/2023\/06\/30\/la-famille-traditionnelle-toujours-desirable\/\">pacs<\/a> fran\u00e7ais. En signant un contrat, ils pouvaient presque vivre comme un couple h\u00e9t\u00e9rosexuel<br \/>\nUn pas en avant mais en r\u00e9alit\u00e9, cette union civile emp\u00eachait encore les couples homos de vivre sur le m\u00eame pied d\u2019\u00e9galit\u00e9 que les h\u00e9t\u00e9ros. Notamment du fait qu\u2019un seul membre du couple pacs\u00e9 pouvait adopter un enfant, rendant la parentalit\u00e9 (sur le plan l\u00e9gal) et le <a href=\"https:\/\/www.coparentalys.com\/blog\/2018\/11\/08\/a-quand-le-droit-de-filiation-pour-le-coparent\/\">droit de filiation<\/a> inaccessibles. D\u2019autre part, les avantages fiscaux accord\u00e9s aux h\u00e9t\u00e9ros mari\u00e9s n\u2019\u00e9taient toujours pas accord\u00e9s aux couples h\u00e9t\u00e9ros en union civile.<\/p>\n<h4>L\u2019Allemagne, plus tol\u00e9rante ?<\/h4>\n<p>Malgr\u00e9 la lenteur du gouvernement \u00e0 ouvrir le mariage \u00e0 tous les couples, l\u2019Allemagne a fait preuve de propos mesur\u00e9s et respectueux \u00e0 l\u2019\u00e9gard des homosexuels, des partisans au mariage pour tous et des opposants. Il y a visiblement une ouverture d\u2019esprit, une acceptation de l\u2019autre quelles que soient ses opinions, qui a manqu\u00e9 et qui manque toujours en France.<br \/>\nD\u2019ailleurs, selon une \u00e9tude publi\u00e9e par le Nouvel Obs en 2014, l\u2019Allemagne \u00e9tait consid\u00e9r\u00e9 comme le deuxi\u00e8me pays le plus tol\u00e9rant vis-\u00e0-vis de l\u2019homosexualit\u00e9, juste apr\u00e8s l\u2019Espagne. La France quant \u00e0 elle, n\u2019\u00e9tait que 14\u00e8me.<br \/>\nL\u2019Allemagne, un mod\u00e8le d\u2019exemplarit\u00e9 en termes de tol\u00e9rance ?<\/p>\n","protected":false},"excerpt":{"rendered":"<p>On se souvient des manifestations houleuses et des discussions politiques qui l\u2019\u00e9taient tout autant lors de la loi du mariage<\/p>\n","protected":false},"author":1,"featured_media":152,"comment_status":"open","ping_status":"open","sticky":false,"template":"","format":"standard","meta":[],"categories":[6],"tags":[],"yoast_head":"<!-- This site is optimized with the Yoast SEO plugin v20.12 - https:\/\/yoast.com\/wordpress\/plugins\/seo\/ -->\n<title>Le mariage pour tous en Allemagne : mieux qu&#039;en France? - Blog CoparentaLys<\/title>\n<meta name=\"robots\" content=\"index, follow, max-snippet:-1, max-image-preview:large, max-video-preview:-1\" \/>\n<link rel=\"canonical\" href=\"https:\/\/www.coparentalys.com\/blog\/2018\/11\/08\/le-mariage-pour-tous-en-allemagne-mieux-quen-france\/\" \/>\n<meta property=\"og:locale\" content=\"fr_FR\" \/>\n<meta property=\"og:type\" content=\"article\" \/>\n<meta property=\"og:title\" content=\"Le mariage pour tous en Allemagne : mieux qu&#039;en France? - Blog CoparentaLys\" \/>\n<meta property=\"og:description\" content=\"On se souvient des manifestations houleuses et des discussions politiques qui l\u2019\u00e9taient tout autant lors de la loi du mariage\" \/>\n<meta property=\"og:url\" content=\"https:\/\/www.coparentalys.com\/blog\/2018\/11\/08\/le-mariage-pour-tous-en-allemagne-mieux-quen-france\/\" \/>\n<meta property=\"og:site_name\" content=\"Blog CoparentaLys\" \/>\n<meta property=\"article:publisher\" content=\"https:\/\/www.facebook.com\/coparentalite\/\" \/>\n<meta property=\"article:published_time\" content=\"2018-11-08T13:22:12+00:00\" \/>\n<meta property=\"article:modified_time\" content=\"2018-11-14T10:03:42+00:00\" \/>\n<meta property=\"og:image\" content=\"https:\/\/www.coparentalys.com\/blog\/wp-content\/uploads\/2018\/11\/Le-mariage-pour-tous-en-Allemagne-mieux-quen-France.jpg\" \/>\n\t<meta property=\"og:image:width\" content=\"450\" \/>\n\t<meta property=\"og:image:height\" content=\"450\" \/>\n\t<meta property=\"og:image:type\" content=\"image\/jpeg\" \/>\n<meta name=\"author\" content=\"admincoparentalys\" \/>\n<meta name=\"twitter:card\" content=\"summary_large_image\" \/>\n<meta name=\"twitter:creator\" content=\"@CoParentaLys\" \/>\n<meta name=\"twitter:site\" content=\"@CoParentaLys\" \/>\n<meta name=\"twitter:label1\" content=\"\u00c9crit par\" \/>\n\t<meta name=\"twitter:data1\" content=\"admincoparentalys\" \/>\n\t<meta name=\"twitter:label2\" content=\"Dur\u00e9e de lecture estim\u00e9e\" \/>\n\t<meta name=\"twitter:data2\" content=\"3 minutes\" \/>\n<script type=\"application\/ld+json\" class=\"yoast-schema-graph\">{\"@context\":\"https:\/\/schema.org\",\"@graph\":[{\"@type\":\"Article\",\"@id\":\"https:\/\/www.coparentalys.com\/blog\/2018\/11\/08\/le-mariage-pour-tous-en-allemagne-mieux-quen-france\/#article\",\"isPartOf\":{\"@id\":\"https:\/\/www.coparentalys.com\/blog\/2018\/11\/08\/le-mariage-pour-tous-en-allemagne-mieux-quen-france\/\"},\"author\":{\"name\":\"admincoparentalys\",\"@id\":\"https:\/\/www.coparentalys.com\/blog\/#\/schema\/person\/f5874233a536c2135c8d801b4a13c9ca\"},\"headline\":\"Le mariage pour tous en Allemagne : mieux qu&rsquo;en France?\",\"datePublished\":\"2018-11-08T13:22:12+00:00\",\"dateModified\":\"2018-11-14T10:03:42+00:00\",\"mainEntityOfPage\":{\"@id\":\"https:\/\/www.coparentalys.com\/blog\/2018\/11\/08\/le-mariage-pour-tous-en-allemagne-mieux-quen-france\/\"},\"wordCount\":566,\"commentCount\":0,\"publisher\":{\"@id\":\"https:\/\/www.coparentalys.com\/blog\/#organization\"},\"articleSection\":[\"Homoparentalit\u00e9\"],\"inLanguage\":\"fr-FR\",\"potentialAction\":[{\"@type\":\"CommentAction\",\"name\":\"Comment\",\"target\":[\"https:\/\/www.coparentalys.com\/blog\/2018\/11\/08\/le-mariage-pour-tous-en-allemagne-mieux-quen-france\/#respond\"]}]},{\"@type\":\"WebPage\",\"@id\":\"https:\/\/www.coparentalys.com\/blog\/2018\/11\/08\/le-mariage-pour-tous-en-allemagne-mieux-quen-france\/\",\"url\":\"https:\/\/www.coparentalys.com\/blog\/2018\/11\/08\/le-mariage-pour-tous-en-allemagne-mieux-quen-france\/\",\"name\":\"Le mariage pour tous en Allemagne : mieux qu'en France? - Blog CoparentaLys\",\"isPartOf\":{\"@id\":\"https:\/\/www.coparentalys.com\/blog\/#website\"},\"datePublished\":\"2018-11-08T13:22:12+00:00\",\"dateModified\":\"2018-11-14T10:03:42+00:00\",\"breadcrumb\":{\"@id\":\"https:\/\/www.coparentalys.com\/blog\/2018\/11\/08\/le-mariage-pour-tous-en-allemagne-mieux-quen-france\/#breadcrumb\"},\"inLanguage\":\"fr-FR\",\"potentialAction\":[{\"@type\":\"ReadAction\",\"target\":[\"https:\/\/www.coparentalys.com\/blog\/2018\/11\/08\/le-mariage-pour-tous-en-allemagne-mieux-quen-france\/\"]}]},{\"@type\":\"BreadcrumbList\",\"@id\":\"https:\/\/www.coparentalys.com\/blog\/2018\/11\/08\/le-mariage-pour-tous-en-allemagne-mieux-quen-france\/#breadcrumb\",\"itemListElement\":[{\"@type\":\"ListItem\",\"position\":1,\"name\":\"Accueil\",\"item\":\"https:\/\/www.coparentalys.com\/blog\/\"},{\"@type\":\"ListItem\",\"position\":2,\"name\":\"Le mariage pour tous en Allemagne : mieux qu&rsquo;en France?\"}]},{\"@type\":\"WebSite\",\"@id\":\"https:\/\/www.coparentalys.com\/blog\/#website\",\"url\":\"https:\/\/www.coparentalys.com\/blog\/\",\"name\":\"Blog CoparentaLys\",\"description\":\"\",\"publisher\":{\"@id\":\"https:\/\/www.coparentalys.com\/blog\/#organization\"},\"potentialAction\":[{\"@type\":\"SearchAction\",\"target\":{\"@type\":\"EntryPoint\",\"urlTemplate\":\"https:\/\/www.coparentalys.com\/blog\/?s={search_term_string}\"},\"query-input\":\"required name=search_term_string\"}],\"inLanguage\":\"fr-FR\"},{\"@type\":\"Organization\",\"@id\":\"https:\/\/www.coparentalys.com\/blog\/#organization\",\"name\":\"CoparentaLys\",\"url\":\"https:\/\/www.coparentalys.com\/blog\/\",\"logo\":{\"@type\":\"ImageObject\",\"inLanguage\":\"fr-FR\",\"@id\":\"https:\/\/www.coparentalys.com\/blog\/#\/schema\/logo\/image\/\",\"url\":\"https:\/\/www.coparentalys.com\/blog\/wp-content\/uploads\/2023\/06\/cropped-circle-coparentalys30px-1.png\",\"contentUrl\":\"https:\/\/www.coparentalys.com\/blog\/wp-content\/uploads\/2023\/06\/cropped-circle-coparentalys30px-1.png\",\"width\":45,\"height\":45,\"caption\":\"CoparentaLys\"},\"image\":{\"@id\":\"https:\/\/www.coparentalys.com\/blog\/#\/schema\/logo\/image\/\"},\"sameAs\":[\"https:\/\/www.facebook.com\/coparentalite\/\",\"https:\/\/twitter.com\/CoParentaLys\"]},{\"@type\":\"Person\",\"@id\":\"https:\/\/www.coparentalys.com\/blog\/#\/schema\/person\/f5874233a536c2135c8d801b4a13c9ca\",\"name\":\"admincoparentalys\",\"image\":{\"@type\":\"ImageObject\",\"inLanguage\":\"fr-FR\",\"@id\":\"https:\/\/www.coparentalys.com\/blog\/#\/schema\/person\/image\/\",\"url\":\"https:\/\/secure.gravatar.com\/avatar\/243501ee1647261106694fadee6cac52?s=96&d=mm&r=g\",\"contentUrl\":\"https:\/\/secure.gravatar.com\/avatar\/243501ee1647261106694fadee6cac52?s=96&d=mm&r=g\",\"caption\":\"admincoparentalys\"},\"url\":\"https:\/\/www.coparentalys.com\/blog\/author\/admincoparentalys\/\"}]}<\/script>\n<!-- \/ Yoast SEO plugin. -->","yoast_head_json":{"title":"Le mariage pour tous en Allemagne : mieux qu'en France? - Blog CoparentaLys","robots":{"index":"index","follow":"follow","max-snippet":"max-snippet:-1","max-image-preview":"max-image-preview:large","max-video-preview":"max-video-preview:-1"},"canonical":"https:\/\/www.coparentalys.com\/blog\/2018\/11\/08\/le-mariage-pour-tous-en-allemagne-mieux-quen-france\/","og_locale":"fr_FR","og_type":"article","og_title":"Le mariage pour tous en Allemagne : mieux qu'en France? - Blog CoparentaLys","og_description":"On se souvient des manifestations houleuses et des discussions politiques qui l\u2019\u00e9taient tout autant lors de la loi du mariage","og_url":"https:\/\/www.coparentalys.com\/blog\/2018\/11\/08\/le-mariage-pour-tous-en-allemagne-mieux-quen-france\/","og_site_name":"Blog CoparentaLys","article_publisher":"https:\/\/www.facebook.com\/coparentalite\/","article_published_time":"2018-11-08T13:22:12+00:00","article_modified_time":"2018-11-14T10:03:42+00:00","og_image":[{"width":450,"height":450,"url":"https:\/\/www.coparentalys.com\/blog\/wp-content\/uploads\/2018\/11\/Le-mariage-pour-tous-en-Allemagne-mieux-quen-France.jpg","type":"image\/jpeg"}],"author":"admincoparentalys","twitter_card":"summary_large_image","twitter_creator":"@CoParentaLys","twitter_site":"@CoParentaLys","twitter_misc":{"\u00c9crit par":"admincoparentalys","Dur\u00e9e de lecture estim\u00e9e":"3 minutes"},"schema":{"@context":"https:\/\/schema.org","@graph":[{"@type":"Article","@id":"https:\/\/www.coparentalys.com\/blog\/2018\/11\/08\/le-mariage-pour-tous-en-allemagne-mieux-quen-france\/#article","isPartOf":{"@id":"https:\/\/www.coparentalys.com\/blog\/2018\/11\/08\/le-mariage-pour-tous-en-allemagne-mieux-quen-france\/"},"author":{"name":"admincoparentalys","@id":"https:\/\/www.coparentalys.com\/blog\/#\/schema\/person\/f5874233a536c2135c8d801b4a13c9ca"},"headline":"Le mariage pour tous en Allemagne : mieux qu&rsquo;en France?","datePublished":"2018-11-08T13:22:12+00:00","dateModified":"2018-11-14T10:03:42+00:00","mainEntityOfPage":{"@id":"https:\/\/www.coparentalys.com\/blog\/2018\/11\/08\/le-mariage-pour-tous-en-allemagne-mieux-quen-france\/"},"wordCount":566,"commentCount":0,"publisher":{"@id":"https:\/\/www.coparentalys.com\/blog\/#organization"},"articleSection":["Homoparentalit\u00e9"],"inLanguage":"fr-FR","potentialAction":[{"@type":"CommentAction","name":"Comment","target":["https:\/\/www.coparentalys.com\/blog\/2018\/11\/08\/le-mariage-pour-tous-en-allemagne-mieux-quen-france\/#respond"]}]},{"@type":"WebPage","@id":"https:\/\/www.coparentalys.com\/blog\/2018\/11\/08\/le-mariage-pour-tous-en-allemagne-mieux-quen-france\/","url":"https:\/\/www.coparentalys.com\/blog\/2018\/11\/08\/le-mariage-pour-tous-en-allemagne-mieux-quen-france\/","name":"Le mariage pour tous en Allemagne : mieux qu'en France? - Blog CoparentaLys","isPartOf":{"@id":"https:\/\/www.coparentalys.com\/blog\/#website"},"datePublished":"2018-11-08T13:22:12+00:00","dateModified":"2018-11-14T10:03:42+00:00","breadcrumb":{"@id":"https:\/\/www.coparentalys.com\/blog\/2018\/11\/08\/le-mariage-pour-tous-en-allemagne-mieux-quen-france\/#breadcrumb"},"inLanguage":"fr-FR","potentialAction":[{"@type":"ReadAction","target":["https:\/\/www.coparentalys.com\/blog\/2018\/11\/08\/le-mariage-pour-tous-en-allemagne-mieux-quen-france\/"]}]},{"@type":"BreadcrumbList","@id":"https:\/\/www.coparentalys.com\/blog\/2018\/11\/08\/le-mariage-pour-tous-en-allemagne-mieux-quen-france\/#breadcrumb","itemListElement":[{"@type":"ListItem","position":1,"name":"Accueil","item":"https:\/\/www.coparentalys.com\/blog\/"},{"@type":"ListItem","position":2,"name":"Le mariage pour tous en Allemagne : mieux qu&rsquo;en France?"}]},{"@type":"WebSite","@id":"https:\/\/www.coparentalys.com\/blog\/#website","url":"https:\/\/www.coparentalys.com\/blog\/","name":"Blog CoparentaLys","description":"","publisher":{"@id":"https:\/\/www.coparentalys.com\/blog\/#organization"},"potentialAction":[{"@type":"SearchAction","target":{"@type":"EntryPoint","urlTemplate":"https:\/\/www.coparentalys.com\/blog\/?s={search_term_string}"},"query-input":"required name=search_term_string"}],"inLanguage":"fr-FR"},{"@type":"Organization","@id":"https:\/\/www.coparentalys.com\/blog\/#organization","name":"CoparentaLys","url":"https:\/\/www.coparentalys.com\/blog\/","logo":{"@type":"ImageObject","inLanguage":"fr-FR","@id":"https:\/\/www.coparentalys.com\/blog\/#\/schema\/logo\/image\/","url":"https:\/\/www.coparentalys.com\/blog\/wp-content\/uploads\/2023\/06\/cropped-circle-coparentalys30px-1.png","contentUrl":"https:\/\/www.coparentalys.com\/blog\/wp-content\/uploads\/2023\/06\/cropped-circle-coparentalys30px-1.png","width":45,"height":45,"caption":"CoparentaLys"},"image":{"@id":"https:\/\/www.coparentalys.com\/blog\/#\/schema\/logo\/image\/"},"sameAs":["https:\/\/www.facebook.com\/coparentalite\/","https:\/\/twitter.com\/CoParentaLys"]},{"@type":"Person","@id":"https:\/\/www.coparentalys.com\/blog\/#\/schema\/person\/f5874233a536c2135c8d801b4a13c9ca","name":"admincoparentalys","image":{"@type":"ImageObject","inLanguage":"fr-FR","@id":"https:\/\/www.coparentalys.com\/blog\/#\/schema\/person\/image\/","url":"https:\/\/secure.gravatar.com\/avatar\/243501ee1647261106694fadee6cac52?s=96&d=mm&r=g","contentUrl":"https:\/\/secure.gravatar.com\/avatar\/243501ee1647261106694fadee6cac52?s=96&d=mm&r=g","caption":"admincoparentalys"},"url":"https:\/\/www.coparentalys.com\/blog\/author\/admincoparentalys\/"}]}},"_links":{"self":[{"href":"https:\/\/www.coparentalys.com\/blog\/wp-json\/wp\/v2\/posts\/151"}],"collection":[{"href":"https:\/\/www.coparentalys.com\/blog\/wp-json\/wp\/v2\/posts"}],"about":[{"href":"https:\/\/www.coparentalys.com\/blog\/wp-json\/wp\/v2\/types\/post"}],"author":[{"embeddable":true,"href":"https:\/\/www.coparentalys.com\/blog\/wp-json\/wp\/v2\/users\/1"}],"replies":[{"embeddable":true,"href":"https:\/\/www.coparentalys.com\/blog\/wp-json\/wp\/v2\/comments?post=151"}],"version-history":[{"count":3,"href":"https:\/\/www.coparentalys.com\/blog\/wp-json\/wp\/v2\/posts\/151\/revisions"}],"predecessor-version":[{"id":233,"href":"https:\/\/www.coparentalys.com\/blog\/wp-json\/wp\/v2\/posts\/151\/revisions\/233"}],"wp:featuredmedia":[{"embeddable":true,"href":"https:\/\/www.coparentalys.com\/blog\/wp-json\/wp\/v2\/media\/152"}],"wp:attachment":[{"href":"https:\/\/www.coparentalys.com\/blog\/wp-json\/wp\/v2\/media?parent=151"}],"wp:term":[{"taxonomy":"category","embeddable":true,"href":"https:\/\/www.coparentalys.com\/blog\/wp-json\/wp\/v2\/categories?post=151"},{"taxonomy":"post_tag","embeddable":true,"href":"https:\/\/www.coparentalys.com\/blog\/wp-json\/wp\/v2\/tags?post=151"}],"curies":[{"name":"wp","href":"https:\/\/api.w.org\/{rel}","templated":true}]}}