{"id":353,"date":"2018-12-01T12:59:49","date_gmt":"2018-12-01T11:59:49","guid":{"rendered":"https:\/\/www.coparentalys.com\/blog\/?p=353"},"modified":"2018-12-01T12:59:49","modified_gmt":"2018-12-01T11:59:49","slug":"a-partir-de-quel-age-mettre-en-place-une-garde-alternee","status":"publish","type":"post","link":"https:\/\/www.coparentalys.com\/blog\/2018\/12\/01\/a-partir-de-quel-age-mettre-en-place-une-garde-alternee\/","title":{"rendered":"A partir de quel \u00e2ge mettre en place une garde altern\u00e9e ?"},"content":{"rendered":"<h1><span style=\"color: #ff9900;\">A partir de quel \u00e2ge mettre en place une garde altern\u00e9e ?<\/span><\/h1>\n<p>Pr\u00e9conis\u00e9e par une loi de mars 2002, la garde altern\u00e9e est le mode privil\u00e9gi\u00e9 par les juges lors des s\u00e9parations \u00e0 l\u2019amiable. On parle de garde altern\u00e9e (ou de garde partag\u00e9e) quand l\u2019enfant passe une semaine chez sa m\u00e8re puis une semaine chez son p\u00e8re. Afin de veiller au bien-\u00eatre des plus jeunes, quelques pr\u00e9cautions sont \u00e0 appliquer.<\/p>\n<h2><span style=\"color: #339966;\">L\u2019enfant au centre de toutes les pr\u00e9occupations<\/span><\/h2>\n<p>Selon l\u2019\u00e2ge de l\u2019enfant, sa personnalit\u00e9 ou encore les relations entretenues par les parents, il est important de pouvoir apporter des solutions adapt\u00e9es \u00e0 chaque situation. Pour les enfants de moins de 3 ans, il est conseill\u00e9 de laisser l\u2019enfant chez l\u2019un des deux parents.<\/p>\n<p>Souvent la m\u00e8re qui a besoin d\u2019allaiter son nouveau-n\u00e9 et dont la pr\u00e9sence est primordiale pour lui donner le sein. Dans ce cas, pour la construction de l\u2019enfant, il est n\u00e9cessaire que le p\u00e8re puisse s\u2019organiser afin de venir r\u00e9guli\u00e8rement lui rendre visite.<\/p>\n<p>Quand l\u2019enfant atteint 3 ans, il est possible d\u2019envisager une garde partag\u00e9e de mani\u00e8re progressive. En alternant 2\/3 jours chez le p\u00e8re puis 2\/3 jours chez la m\u00e8re, ce sera plus \u00e9vident pour les enfants de se construire des rep\u00e8res et de s\u2019habituer \u00e0 leurs nouvelles conditions de vie.<\/p>\n<p>Les enfants en bas-\u00e2ge n\u2019ont pas la m\u00eame perception du temps qui passe que celle ressentie par les adultes. Une semaine peut sembler un d\u00e9lai tr\u00e8s long pour les plus jeunes qui ont besoin de stabilit\u00e9.<\/p>\n<h2><span style=\"color: #339966;\">La place du p\u00e8re<\/span><\/h2>\n<p>Avant la loi de mars 2002, les m\u00e8res recevaient dans la grande majorit\u00e9 des cas la garde de leurs enfants. Devant le mal-\u00eatre croissant des p\u00e8res s\u00e9par\u00e9s de leurs enfants, les choses sont aujourd\u2019hui moins syst\u00e9matiques et la garde altern\u00e9e permet au p\u00e8re de retrouver leur v\u00e9ritable place aupr\u00e8s de leurs enfants.<\/p>\n<p>Depuis les ann\u00e9es 80, la figure paternelle n\u2019est plus simplement synonyme d\u2019autorit\u00e9. Les p\u00e8res d\u2019aujourd\u2019hui sont pour la majorit\u00e9 d\u2019entre eux enclins \u00e0 partager avec leur prog\u00e9niture des moments de complicit\u00e9 et de tendresse.<\/p>\n<p>Il est aujourd\u2019hui admis que les hommes sont autant capables que les femmes de s\u2019occuper de leurs enfants et que la m\u00e8re n\u2019est pas la seule \u00e0 occuper une place de choix dans la construction et le d\u00e9veloppement de la personnalit\u00e9 de ses enfants.<\/p>\n<p>Les hommes \u00e9galement prennent davantage conscience que leurs enfants participent \u00e0 la construction de leur bonheur et de leur \u00e9panouissement.<\/p>\n<h2><span style=\"color: #339966;\">Savoir faire taire les querelles<\/span><\/h2>\n<p>Pour que votre enfant s\u2019adapte le mieux possible \u00e0 une garde altern\u00e9e, il est imp\u00e9ratif pour les parents de devoir faire preuve de respect mutuel. Une s\u00e9paration est souvent difficile, m\u00eame quand elle se passe d\u2019un commun accord.<\/p>\n<p>Afin d\u2019aider les plus jeunes \u00e0 passer ce cap, les parents doivent mettre de c\u00f4t\u00e9 leurs diff\u00e9rends pour veiller au bien-\u00eatre de leurs ch\u00e9rubins. Permettant de continuer \u00e0 cr\u00e9er le lien n\u00e9cessaire \u00e0 l\u2019\u00e9panouissement, la garde altern\u00e9e est id\u00e9al pour que les enfants continuent \u00e0 entretenir des relations saines et \u00e9quilibr\u00e9es avec leurs deux parents.<\/p>\n<p>L\u2019essentiel pour ces derniers est de savoir se rendre disponible quand le besoin se fait sentir, en mettant de c\u00f4t\u00e9s les ranc\u0153urs \u00e9prouv\u00e9es \u00e0 l\u2019\u00e9gard de leur ancien conjoint.<\/p>\n<p>Officiellement, aucun texte de loi ne r\u00e9git l\u2019\u00e2ge \u00e0 laquelle des enfants peuvent \u00eatre soumis \u00e0 une garde altern\u00e9e. Les premiers mois de vie devant faire l\u2019objet d\u2019une attention et d\u2019une stabilit\u00e9 n\u00e9cessaire au bon \u00e9panouissement du nouveau-n\u00e9, il est pr\u00e9f\u00e9rable d\u2019\u00e9viter les longues p\u00e9riodes d\u2019\u00e9loignement avec un des parents. A partir de 3 ans, un enfant a suffisamment grandi pour comprendre les choses et s\u2019habituera plus facilement \u00e0 ce mode de garde de plus en plus r\u00e9pandu.<\/p>\n","protected":false},"excerpt":{"rendered":"<p>A partir de quel \u00e2ge mettre en place une garde altern\u00e9e ? Pr\u00e9conis\u00e9e par une loi de mars 2002, la<\/p>\n","protected":false},"author":1,"featured_media":365,"comment_status":"closed","ping_status":"closed","sticky":false,"template":"","format":"standard","meta":[],"categories":[2],"tags":[],"yoast_head":"<!-- This site is optimized with the Yoast SEO plugin v20.12 - https:\/\/yoast.com\/wordpress\/plugins\/seo\/ -->\n<title>A partir de quel \u00e2ge mettre en place une garde altern\u00e9e ? - Blog CoparentaLys<\/title>\n<meta name=\"robots\" content=\"index, follow, max-snippet:-1, max-image-preview:large, max-video-preview:-1\" \/>\n<link rel=\"canonical\" href=\"https:\/\/www.coparentalys.com\/blog\/2018\/12\/01\/a-partir-de-quel-age-mettre-en-place-une-garde-alternee\/\" \/>\n<meta property=\"og:locale\" content=\"fr_FR\" \/>\n<meta property=\"og:type\" content=\"article\" \/>\n<meta property=\"og:title\" content=\"A partir de quel \u00e2ge mettre en place une garde altern\u00e9e ? - Blog CoparentaLys\" \/>\n<meta property=\"og:description\" content=\"A partir de quel \u00e2ge mettre en place une garde altern\u00e9e ? Pr\u00e9conis\u00e9e par une loi de mars 2002, la\" \/>\n<meta property=\"og:url\" content=\"https:\/\/www.coparentalys.com\/blog\/2018\/12\/01\/a-partir-de-quel-age-mettre-en-place-une-garde-alternee\/\" \/>\n<meta property=\"og:site_name\" content=\"Blog CoparentaLys\" \/>\n<meta property=\"article:publisher\" content=\"https:\/\/www.facebook.com\/coparentalite\/\" \/>\n<meta property=\"article:published_time\" content=\"2018-12-01T11:59:49+00:00\" \/>\n<meta property=\"og:image\" content=\"https:\/\/www.coparentalys.com\/blog\/wp-content\/uploads\/2018\/11\/child-1073638_1920.jpg\" \/>\n\t<meta property=\"og:image:width\" content=\"1920\" \/>\n\t<meta property=\"og:image:height\" content=\"1281\" \/>\n\t<meta property=\"og:image:type\" content=\"image\/jpeg\" \/>\n<meta name=\"author\" content=\"admincoparentalys\" \/>\n<meta name=\"twitter:card\" content=\"summary_large_image\" \/>\n<meta name=\"twitter:creator\" content=\"@CoParentaLys\" \/>\n<meta name=\"twitter:site\" content=\"@CoParentaLys\" \/>\n<meta name=\"twitter:label1\" content=\"\u00c9crit par\" \/>\n\t<meta name=\"twitter:data1\" content=\"admincoparentalys\" \/>\n\t<meta name=\"twitter:label2\" content=\"Dur\u00e9e de lecture estim\u00e9e\" \/>\n\t<meta name=\"twitter:data2\" content=\"3 minutes\" \/>\n<script type=\"application\/ld+json\" class=\"yoast-schema-graph\">{\"@context\":\"https:\/\/schema.org\",\"@graph\":[{\"@type\":\"Article\",\"@id\":\"https:\/\/www.coparentalys.com\/blog\/2018\/12\/01\/a-partir-de-quel-age-mettre-en-place-une-garde-alternee\/#article\",\"isPartOf\":{\"@id\":\"https:\/\/www.coparentalys.com\/blog\/2018\/12\/01\/a-partir-de-quel-age-mettre-en-place-une-garde-alternee\/\"},\"author\":{\"name\":\"admincoparentalys\",\"@id\":\"https:\/\/www.coparentalys.com\/blog\/#\/schema\/person\/f5874233a536c2135c8d801b4a13c9ca\"},\"headline\":\"A partir de quel \u00e2ge mettre en place une garde altern\u00e9e ?\",\"datePublished\":\"2018-12-01T11:59:49+00:00\",\"dateModified\":\"2018-12-01T11:59:49+00:00\",\"mainEntityOfPage\":{\"@id\":\"https:\/\/www.coparentalys.com\/blog\/2018\/12\/01\/a-partir-de-quel-age-mettre-en-place-une-garde-alternee\/\"},\"wordCount\":701,\"publisher\":{\"@id\":\"https:\/\/www.coparentalys.com\/blog\/#organization\"},\"articleSection\":[\"Coparentalit\u00e9\"],\"inLanguage\":\"fr-FR\"},{\"@type\":\"WebPage\",\"@id\":\"https:\/\/www.coparentalys.com\/blog\/2018\/12\/01\/a-partir-de-quel-age-mettre-en-place-une-garde-alternee\/\",\"url\":\"https:\/\/www.coparentalys.com\/blog\/2018\/12\/01\/a-partir-de-quel-age-mettre-en-place-une-garde-alternee\/\",\"name\":\"A partir de quel \u00e2ge mettre en place une garde altern\u00e9e ? - Blog CoparentaLys\",\"isPartOf\":{\"@id\":\"https:\/\/www.coparentalys.com\/blog\/#website\"},\"datePublished\":\"2018-12-01T11:59:49+00:00\",\"dateModified\":\"2018-12-01T11:59:49+00:00\",\"breadcrumb\":{\"@id\":\"https:\/\/www.coparentalys.com\/blog\/2018\/12\/01\/a-partir-de-quel-age-mettre-en-place-une-garde-alternee\/#breadcrumb\"},\"inLanguage\":\"fr-FR\",\"potentialAction\":[{\"@type\":\"ReadAction\",\"target\":[\"https:\/\/www.coparentalys.com\/blog\/2018\/12\/01\/a-partir-de-quel-age-mettre-en-place-une-garde-alternee\/\"]}]},{\"@type\":\"BreadcrumbList\",\"@id\":\"https:\/\/www.coparentalys.com\/blog\/2018\/12\/01\/a-partir-de-quel-age-mettre-en-place-une-garde-alternee\/#breadcrumb\",\"itemListElement\":[{\"@type\":\"ListItem\",\"position\":1,\"name\":\"Accueil\",\"item\":\"https:\/\/www.coparentalys.com\/blog\/\"},{\"@type\":\"ListItem\",\"position\":2,\"name\":\"A partir de quel \u00e2ge mettre en place une garde altern\u00e9e ?\"}]},{\"@type\":\"WebSite\",\"@id\":\"https:\/\/www.coparentalys.com\/blog\/#website\",\"url\":\"https:\/\/www.coparentalys.com\/blog\/\",\"name\":\"Blog CoparentaLys\",\"description\":\"\",\"publisher\":{\"@id\":\"https:\/\/www.coparentalys.com\/blog\/#organization\"},\"potentialAction\":[{\"@type\":\"SearchAction\",\"target\":{\"@type\":\"EntryPoint\",\"urlTemplate\":\"https:\/\/www.coparentalys.com\/blog\/?s={search_term_string}\"},\"query-input\":\"required name=search_term_string\"}],\"inLanguage\":\"fr-FR\"},{\"@type\":\"Organization\",\"@id\":\"https:\/\/www.coparentalys.com\/blog\/#organization\",\"name\":\"CoparentaLys\",\"url\":\"https:\/\/www.coparentalys.com\/blog\/\",\"logo\":{\"@type\":\"ImageObject\",\"inLanguage\":\"fr-FR\",\"@id\":\"https:\/\/www.coparentalys.com\/blog\/#\/schema\/logo\/image\/\",\"url\":\"https:\/\/www.coparentalys.com\/blog\/wp-content\/uploads\/2023\/06\/cropped-circle-coparentalys30px-1.png\",\"contentUrl\":\"https:\/\/www.coparentalys.com\/blog\/wp-content\/uploads\/2023\/06\/cropped-circle-coparentalys30px-1.png\",\"width\":45,\"height\":45,\"caption\":\"CoparentaLys\"},\"image\":{\"@id\":\"https:\/\/www.coparentalys.com\/blog\/#\/schema\/logo\/image\/\"},\"sameAs\":[\"https:\/\/www.facebook.com\/coparentalite\/\",\"https:\/\/twitter.com\/CoParentaLys\"]},{\"@type\":\"Person\",\"@id\":\"https:\/\/www.coparentalys.com\/blog\/#\/schema\/person\/f5874233a536c2135c8d801b4a13c9ca\",\"name\":\"admincoparentalys\",\"image\":{\"@type\":\"ImageObject\",\"inLanguage\":\"fr-FR\",\"@id\":\"https:\/\/www.coparentalys.com\/blog\/#\/schema\/person\/image\/\",\"url\":\"https:\/\/secure.gravatar.com\/avatar\/243501ee1647261106694fadee6cac52?s=96&d=mm&r=g\",\"contentUrl\":\"https:\/\/secure.gravatar.com\/avatar\/243501ee1647261106694fadee6cac52?s=96&d=mm&r=g\",\"caption\":\"admincoparentalys\"},\"url\":\"https:\/\/www.coparentalys.com\/blog\/author\/admincoparentalys\/\"}]}<\/script>\n<!-- \/ Yoast SEO plugin. -->","yoast_head_json":{"title":"A partir de quel \u00e2ge mettre en place une garde altern\u00e9e ? - Blog CoparentaLys","robots":{"index":"index","follow":"follow","max-snippet":"max-snippet:-1","max-image-preview":"max-image-preview:large","max-video-preview":"max-video-preview:-1"},"canonical":"https:\/\/www.coparentalys.com\/blog\/2018\/12\/01\/a-partir-de-quel-age-mettre-en-place-une-garde-alternee\/","og_locale":"fr_FR","og_type":"article","og_title":"A partir de quel \u00e2ge mettre en place une garde altern\u00e9e ? - Blog CoparentaLys","og_description":"A partir de quel \u00e2ge mettre en place une garde altern\u00e9e ? Pr\u00e9conis\u00e9e par une loi de mars 2002, la","og_url":"https:\/\/www.coparentalys.com\/blog\/2018\/12\/01\/a-partir-de-quel-age-mettre-en-place-une-garde-alternee\/","og_site_name":"Blog CoparentaLys","article_publisher":"https:\/\/www.facebook.com\/coparentalite\/","article_published_time":"2018-12-01T11:59:49+00:00","og_image":[{"width":1920,"height":1281,"url":"https:\/\/www.coparentalys.com\/blog\/wp-content\/uploads\/2018\/11\/child-1073638_1920.jpg","type":"image\/jpeg"}],"author":"admincoparentalys","twitter_card":"summary_large_image","twitter_creator":"@CoParentaLys","twitter_site":"@CoParentaLys","twitter_misc":{"\u00c9crit par":"admincoparentalys","Dur\u00e9e de lecture estim\u00e9e":"3 minutes"},"schema":{"@context":"https:\/\/schema.org","@graph":[{"@type":"Article","@id":"https:\/\/www.coparentalys.com\/blog\/2018\/12\/01\/a-partir-de-quel-age-mettre-en-place-une-garde-alternee\/#article","isPartOf":{"@id":"https:\/\/www.coparentalys.com\/blog\/2018\/12\/01\/a-partir-de-quel-age-mettre-en-place-une-garde-alternee\/"},"author":{"name":"admincoparentalys","@id":"https:\/\/www.coparentalys.com\/blog\/#\/schema\/person\/f5874233a536c2135c8d801b4a13c9ca"},"headline":"A partir de quel \u00e2ge mettre en place une garde altern\u00e9e ?","datePublished":"2018-12-01T11:59:49+00:00","dateModified":"2018-12-01T11:59:49+00:00","mainEntityOfPage":{"@id":"https:\/\/www.coparentalys.com\/blog\/2018\/12\/01\/a-partir-de-quel-age-mettre-en-place-une-garde-alternee\/"},"wordCount":701,"publisher":{"@id":"https:\/\/www.coparentalys.com\/blog\/#organization"},"articleSection":["Coparentalit\u00e9"],"inLanguage":"fr-FR"},{"@type":"WebPage","@id":"https:\/\/www.coparentalys.com\/blog\/2018\/12\/01\/a-partir-de-quel-age-mettre-en-place-une-garde-alternee\/","url":"https:\/\/www.coparentalys.com\/blog\/2018\/12\/01\/a-partir-de-quel-age-mettre-en-place-une-garde-alternee\/","name":"A partir de quel \u00e2ge mettre en place une garde altern\u00e9e ? - Blog CoparentaLys","isPartOf":{"@id":"https:\/\/www.coparentalys.com\/blog\/#website"},"datePublished":"2018-12-01T11:59:49+00:00","dateModified":"2018-12-01T11:59:49+00:00","breadcrumb":{"@id":"https:\/\/www.coparentalys.com\/blog\/2018\/12\/01\/a-partir-de-quel-age-mettre-en-place-une-garde-alternee\/#breadcrumb"},"inLanguage":"fr-FR","potentialAction":[{"@type":"ReadAction","target":["https:\/\/www.coparentalys.com\/blog\/2018\/12\/01\/a-partir-de-quel-age-mettre-en-place-une-garde-alternee\/"]}]},{"@type":"BreadcrumbList","@id":"https:\/\/www.coparentalys.com\/blog\/2018\/12\/01\/a-partir-de-quel-age-mettre-en-place-une-garde-alternee\/#breadcrumb","itemListElement":[{"@type":"ListItem","position":1,"name":"Accueil","item":"https:\/\/www.coparentalys.com\/blog\/"},{"@type":"ListItem","position":2,"name":"A partir de quel \u00e2ge mettre en place une garde altern\u00e9e ?"}]},{"@type":"WebSite","@id":"https:\/\/www.coparentalys.com\/blog\/#website","url":"https:\/\/www.coparentalys.com\/blog\/","name":"Blog CoparentaLys","description":"","publisher":{"@id":"https:\/\/www.coparentalys.com\/blog\/#organization"},"potentialAction":[{"@type":"SearchAction","target":{"@type":"EntryPoint","urlTemplate":"https:\/\/www.coparentalys.com\/blog\/?s={search_term_string}"},"query-input":"required name=search_term_string"}],"inLanguage":"fr-FR"},{"@type":"Organization","@id":"https:\/\/www.coparentalys.com\/blog\/#organization","name":"CoparentaLys","url":"https:\/\/www.coparentalys.com\/blog\/","logo":{"@type":"ImageObject","inLanguage":"fr-FR","@id":"https:\/\/www.coparentalys.com\/blog\/#\/schema\/logo\/image\/","url":"https:\/\/www.coparentalys.com\/blog\/wp-content\/uploads\/2023\/06\/cropped-circle-coparentalys30px-1.png","contentUrl":"https:\/\/www.coparentalys.com\/blog\/wp-content\/uploads\/2023\/06\/cropped-circle-coparentalys30px-1.png","width":45,"height":45,"caption":"CoparentaLys"},"image":{"@id":"https:\/\/www.coparentalys.com\/blog\/#\/schema\/logo\/image\/"},"sameAs":["https:\/\/www.facebook.com\/coparentalite\/","https:\/\/twitter.com\/CoParentaLys"]},{"@type":"Person","@id":"https:\/\/www.coparentalys.com\/blog\/#\/schema\/person\/f5874233a536c2135c8d801b4a13c9ca","name":"admincoparentalys","image":{"@type":"ImageObject","inLanguage":"fr-FR","@id":"https:\/\/www.coparentalys.com\/blog\/#\/schema\/person\/image\/","url":"https:\/\/secure.gravatar.com\/avatar\/243501ee1647261106694fadee6cac52?s=96&d=mm&r=g","contentUrl":"https:\/\/secure.gravatar.com\/avatar\/243501ee1647261106694fadee6cac52?s=96&d=mm&r=g","caption":"admincoparentalys"},"url":"https:\/\/www.coparentalys.com\/blog\/author\/admincoparentalys\/"}]}},"_links":{"self":[{"href":"https:\/\/www.coparentalys.com\/blog\/wp-json\/wp\/v2\/posts\/353"}],"collection":[{"href":"https:\/\/www.coparentalys.com\/blog\/wp-json\/wp\/v2\/posts"}],"about":[{"href":"https:\/\/www.coparentalys.com\/blog\/wp-json\/wp\/v2\/types\/post"}],"author":[{"embeddable":true,"href":"https:\/\/www.coparentalys.com\/blog\/wp-json\/wp\/v2\/users\/1"}],"replies":[{"embeddable":true,"href":"https:\/\/www.coparentalys.com\/blog\/wp-json\/wp\/v2\/comments?post=353"}],"version-history":[{"count":2,"href":"https:\/\/www.coparentalys.com\/blog\/wp-json\/wp\/v2\/posts\/353\/revisions"}],"predecessor-version":[{"id":362,"href":"https:\/\/www.coparentalys.com\/blog\/wp-json\/wp\/v2\/posts\/353\/revisions\/362"}],"wp:featuredmedia":[{"embeddable":true,"href":"https:\/\/www.coparentalys.com\/blog\/wp-json\/wp\/v2\/media\/365"}],"wp:attachment":[{"href":"https:\/\/www.coparentalys.com\/blog\/wp-json\/wp\/v2\/media?parent=353"}],"wp:term":[{"taxonomy":"category","embeddable":true,"href":"https:\/\/www.coparentalys.com\/blog\/wp-json\/wp\/v2\/categories?post=353"},{"taxonomy":"post_tag","embeddable":true,"href":"https:\/\/www.coparentalys.com\/blog\/wp-json\/wp\/v2\/tags?post=353"}],"curies":[{"name":"wp","href":"https:\/\/api.w.org\/{rel}","templated":true}]}}