{"id":84,"date":"2018-11-08T13:38:56","date_gmt":"2018-11-08T12:38:56","guid":{"rendered":"https:\/\/www.coparentalys.com\/blog\/?p=84"},"modified":"2018-11-08T13:39:02","modified_gmt":"2018-11-08T12:39:02","slug":"on-ma-dit-que-je-ne-pouvais-pas-avoir-un-enfant","status":"publish","type":"post","link":"https:\/\/www.coparentalys.com\/blog\/2018\/11\/08\/on-ma-dit-que-je-ne-pouvais-pas-avoir-un-enfant\/","title":{"rendered":"On m&rsquo;a dit que je ne pouvais pas avoir un enfant!"},"content":{"rendered":"<p>Je suis Audrey et j&rsquo;ai 30 ans. Depuis 4 ans je partage ma vie avec Fanny, une jeune femme de 26 ans. Jusqu&rsquo;ici nous vivons une relation d&rsquo;amour tr\u00e8s \u00e9panouie. M\u00eame si nos parents n&rsquo;ont pas pos\u00e9 de probl\u00e8mes face \u00e0 notre homosexualit\u00e9 on voit tout de m\u00eame la d\u00e9ception sur leur visage, car nous ne pouvons pas avoir un enfant. De mon c\u00f4t\u00e9 ne pas avoir un enfant n&rsquo;a jamais pos\u00e9 de probl\u00e8me majeur, jusqu&rsquo;au jour o\u00f9 Fanny me confiait son envie de faire un enfant. M\u00eame si nous r\u00e9ussissons \u00e0 avoir un enfant, on sera mamans et cela sans papa.<br \/>\nJe me suis d\u00e9cid\u00e9e \u00e0 parler \u00e0 mes s\u0153urs. Elles m&rsquo;ont conseill\u00e9 la coparentalit\u00e9. Je ne savais pas encore ce que c&rsquo;\u00e9tait que la coparentalit\u00e9. De plus, on se demandait, allions-nous devenir maman sans papa et \u00e9lever notre b\u00e9b\u00e9 toute seule ou &#8230;<\/p>\n<p>Mais nous n&rsquo;avons pas h\u00e9sit\u00e9 \u00e0 faire une recherche sur la coparentalit\u00e9, et en cherchant des informations sur internet, nous sommes tomb\u00e9es comme par hasard (peut-\u00eatre \u00e9tait-ce le destin ?) sur coparentalys. Avant de proc\u00e9der \u00e0 une s\u00e9lection de profil, nous nous sommes d&rsquo;abord concentr\u00e9es sur les crit\u00e8res que nous souhaitons pour cette \u00e9tape d&rsquo;avoir un enfant. Ce n&rsquo;\u00e9tait pas bien difficile de trouver une personne qui correspondait \u00e0 ces conditions que nous avons fix\u00e9es, car il y avait un \u00e9ventail de choix sur ce site. On se demandait, quel homme s&rsquo;y risquerait ? Faire un enfant a une lesbienne.<br \/>\nEn nous concentrons un peu plus, nous avons d\u00e9cid\u00e9 d&rsquo;entrer en contact avec 2 ou trois jeunes hommes. Au d\u00e9but, nous avons eu beaucoup d&rsquo;appr\u00e9hension, car l&rsquo;homosexualit\u00e9 peut \u00eatre un frein pour faire un b\u00e9b\u00e9. Mais la plupart d&rsquo;entre eux cherchaient seulement une <a href=\"https:\/\/www.coparentalys.com\/blog\/2023\/06\/30\/la-famille-traditionnelle-toujours-desirable\/\">famille<\/a> stable et souhaitant aussi avoir un enfant.<br \/>\nYanis faisait partie de ces profils qui ont su attirer notre attention pour devenir coparents momentan\u00e9ment avec nous. On sera en quelque sorte une maman sans papa mais n&rsquo;aura pas \u00e0 \u00e9lever b\u00e9b\u00e9 toute seule grace \u00e0 yanis. Fanny a tout de suite voulu rencontrer Yanis. Pour renforcer un peu plus le lien entre eux, j&rsquo;ai d\u00e9cid\u00e9 de ne pas venir avec Fanny lors de leur premier rendez-vous&#8230;<br \/>\nQuelques mois plus tard, notre petit bonhomme Raphaell est n\u00e9. Nous sommes tellement heureux d&rsquo;avoir un enfant.Nous sommes maintenant coparents gr\u00e2ce au concept coparental. Parfois des gens se moquent de nous, deux mamans et un papa \u00e0 distance \u00e7a derange\u2026<\/p>\n","protected":false},"excerpt":{"rendered":"<p>Je suis Audrey et j&rsquo;ai 30 ans. Depuis 4 ans je partage ma vie avec Fanny, une jeune femme de<\/p>\n","protected":false},"author":1,"featured_media":85,"comment_status":"open","ping_status":"open","sticky":false,"template":"","format":"standard","meta":[],"categories":[6],"tags":[],"yoast_head":"<!-- This site is optimized with the Yoast SEO plugin v20.12 - https:\/\/yoast.com\/wordpress\/plugins\/seo\/ -->\n<title>On m&#039;a dit que je ne pouvais pas avoir un enfant! - Blog CoparentaLys<\/title>\n<meta name=\"robots\" content=\"index, follow, max-snippet:-1, max-image-preview:large, max-video-preview:-1\" \/>\n<link rel=\"canonical\" href=\"https:\/\/www.coparentalys.com\/blog\/2018\/11\/08\/on-ma-dit-que-je-ne-pouvais-pas-avoir-un-enfant\/\" \/>\n<meta property=\"og:locale\" content=\"fr_FR\" \/>\n<meta property=\"og:type\" content=\"article\" \/>\n<meta property=\"og:title\" content=\"On m&#039;a dit que je ne pouvais pas avoir un enfant! - Blog CoparentaLys\" \/>\n<meta property=\"og:description\" content=\"Je suis Audrey et j&rsquo;ai 30 ans. Depuis 4 ans je partage ma vie avec Fanny, une jeune femme de\" \/>\n<meta property=\"og:url\" content=\"https:\/\/www.coparentalys.com\/blog\/2018\/11\/08\/on-ma-dit-que-je-ne-pouvais-pas-avoir-un-enfant\/\" \/>\n<meta property=\"og:site_name\" content=\"Blog CoparentaLys\" \/>\n<meta property=\"article:publisher\" content=\"https:\/\/www.facebook.com\/coparentalite\/\" \/>\n<meta property=\"article:published_time\" content=\"2018-11-08T12:38:56+00:00\" \/>\n<meta property=\"article:modified_time\" content=\"2018-11-08T12:39:02+00:00\" \/>\n<meta property=\"og:image\" content=\"https:\/\/www.coparentalys.com\/blog\/wp-content\/uploads\/2018\/11\/couple-lesbien-desirant-etre-mamans-homoparentalit\u00e9-avoir-un-enfant.jpg\" \/>\n\t<meta property=\"og:image:width\" content=\"493\" \/>\n\t<meta property=\"og:image:height\" content=\"328\" \/>\n\t<meta property=\"og:image:type\" content=\"image\/jpeg\" \/>\n<meta name=\"author\" content=\"admincoparentalys\" \/>\n<meta name=\"twitter:card\" content=\"summary_large_image\" \/>\n<meta name=\"twitter:creator\" content=\"@CoParentaLys\" \/>\n<meta name=\"twitter:site\" content=\"@CoParentaLys\" \/>\n<meta name=\"twitter:label1\" content=\"\u00c9crit par\" \/>\n\t<meta name=\"twitter:data1\" content=\"admincoparentalys\" \/>\n\t<meta name=\"twitter:label2\" content=\"Dur\u00e9e de lecture estim\u00e9e\" \/>\n\t<meta name=\"twitter:data2\" content=\"2 minutes\" \/>\n<script type=\"application\/ld+json\" class=\"yoast-schema-graph\">{\"@context\":\"https:\/\/schema.org\",\"@graph\":[{\"@type\":\"Article\",\"@id\":\"https:\/\/www.coparentalys.com\/blog\/2018\/11\/08\/on-ma-dit-que-je-ne-pouvais-pas-avoir-un-enfant\/#article\",\"isPartOf\":{\"@id\":\"https:\/\/www.coparentalys.com\/blog\/2018\/11\/08\/on-ma-dit-que-je-ne-pouvais-pas-avoir-un-enfant\/\"},\"author\":{\"name\":\"admincoparentalys\",\"@id\":\"https:\/\/www.coparentalys.com\/blog\/#\/schema\/person\/f5874233a536c2135c8d801b4a13c9ca\"},\"headline\":\"On m&rsquo;a dit que je ne pouvais pas avoir un enfant!\",\"datePublished\":\"2018-11-08T12:38:56+00:00\",\"dateModified\":\"2018-11-08T12:39:02+00:00\",\"mainEntityOfPage\":{\"@id\":\"https:\/\/www.coparentalys.com\/blog\/2018\/11\/08\/on-ma-dit-que-je-ne-pouvais-pas-avoir-un-enfant\/\"},\"wordCount\":430,\"commentCount\":0,\"publisher\":{\"@id\":\"https:\/\/www.coparentalys.com\/blog\/#organization\"},\"articleSection\":[\"Homoparentalit\u00e9\"],\"inLanguage\":\"fr-FR\",\"potentialAction\":[{\"@type\":\"CommentAction\",\"name\":\"Comment\",\"target\":[\"https:\/\/www.coparentalys.com\/blog\/2018\/11\/08\/on-ma-dit-que-je-ne-pouvais-pas-avoir-un-enfant\/#respond\"]}]},{\"@type\":\"WebPage\",\"@id\":\"https:\/\/www.coparentalys.com\/blog\/2018\/11\/08\/on-ma-dit-que-je-ne-pouvais-pas-avoir-un-enfant\/\",\"url\":\"https:\/\/www.coparentalys.com\/blog\/2018\/11\/08\/on-ma-dit-que-je-ne-pouvais-pas-avoir-un-enfant\/\",\"name\":\"On m'a dit que je ne pouvais pas avoir un enfant! - Blog CoparentaLys\",\"isPartOf\":{\"@id\":\"https:\/\/www.coparentalys.com\/blog\/#website\"},\"datePublished\":\"2018-11-08T12:38:56+00:00\",\"dateModified\":\"2018-11-08T12:39:02+00:00\",\"breadcrumb\":{\"@id\":\"https:\/\/www.coparentalys.com\/blog\/2018\/11\/08\/on-ma-dit-que-je-ne-pouvais-pas-avoir-un-enfant\/#breadcrumb\"},\"inLanguage\":\"fr-FR\",\"potentialAction\":[{\"@type\":\"ReadAction\",\"target\":[\"https:\/\/www.coparentalys.com\/blog\/2018\/11\/08\/on-ma-dit-que-je-ne-pouvais-pas-avoir-un-enfant\/\"]}]},{\"@type\":\"BreadcrumbList\",\"@id\":\"https:\/\/www.coparentalys.com\/blog\/2018\/11\/08\/on-ma-dit-que-je-ne-pouvais-pas-avoir-un-enfant\/#breadcrumb\",\"itemListElement\":[{\"@type\":\"ListItem\",\"position\":1,\"name\":\"Accueil\",\"item\":\"https:\/\/www.coparentalys.com\/blog\/\"},{\"@type\":\"ListItem\",\"position\":2,\"name\":\"On m&rsquo;a dit que je ne pouvais pas avoir un enfant!\"}]},{\"@type\":\"WebSite\",\"@id\":\"https:\/\/www.coparentalys.com\/blog\/#website\",\"url\":\"https:\/\/www.coparentalys.com\/blog\/\",\"name\":\"Blog CoparentaLys\",\"description\":\"\",\"publisher\":{\"@id\":\"https:\/\/www.coparentalys.com\/blog\/#organization\"},\"potentialAction\":[{\"@type\":\"SearchAction\",\"target\":{\"@type\":\"EntryPoint\",\"urlTemplate\":\"https:\/\/www.coparentalys.com\/blog\/?s={search_term_string}\"},\"query-input\":\"required name=search_term_string\"}],\"inLanguage\":\"fr-FR\"},{\"@type\":\"Organization\",\"@id\":\"https:\/\/www.coparentalys.com\/blog\/#organization\",\"name\":\"CoparentaLys\",\"url\":\"https:\/\/www.coparentalys.com\/blog\/\",\"logo\":{\"@type\":\"ImageObject\",\"inLanguage\":\"fr-FR\",\"@id\":\"https:\/\/www.coparentalys.com\/blog\/#\/schema\/logo\/image\/\",\"url\":\"https:\/\/www.coparentalys.com\/blog\/wp-content\/uploads\/2023\/06\/cropped-circle-coparentalys30px-1.png\",\"contentUrl\":\"https:\/\/www.coparentalys.com\/blog\/wp-content\/uploads\/2023\/06\/cropped-circle-coparentalys30px-1.png\",\"width\":45,\"height\":45,\"caption\":\"CoparentaLys\"},\"image\":{\"@id\":\"https:\/\/www.coparentalys.com\/blog\/#\/schema\/logo\/image\/\"},\"sameAs\":[\"https:\/\/www.facebook.com\/coparentalite\/\",\"https:\/\/twitter.com\/CoParentaLys\"]},{\"@type\":\"Person\",\"@id\":\"https:\/\/www.coparentalys.com\/blog\/#\/schema\/person\/f5874233a536c2135c8d801b4a13c9ca\",\"name\":\"admincoparentalys\",\"image\":{\"@type\":\"ImageObject\",\"inLanguage\":\"fr-FR\",\"@id\":\"https:\/\/www.coparentalys.com\/blog\/#\/schema\/person\/image\/\",\"url\":\"https:\/\/secure.gravatar.com\/avatar\/243501ee1647261106694fadee6cac52?s=96&d=mm&r=g\",\"contentUrl\":\"https:\/\/secure.gravatar.com\/avatar\/243501ee1647261106694fadee6cac52?s=96&d=mm&r=g\",\"caption\":\"admincoparentalys\"},\"url\":\"https:\/\/www.coparentalys.com\/blog\/author\/admincoparentalys\/\"}]}<\/script>\n<!-- \/ Yoast SEO plugin. -->","yoast_head_json":{"title":"On m'a dit que je ne pouvais pas avoir un enfant! - Blog CoparentaLys","robots":{"index":"index","follow":"follow","max-snippet":"max-snippet:-1","max-image-preview":"max-image-preview:large","max-video-preview":"max-video-preview:-1"},"canonical":"https:\/\/www.coparentalys.com\/blog\/2018\/11\/08\/on-ma-dit-que-je-ne-pouvais-pas-avoir-un-enfant\/","og_locale":"fr_FR","og_type":"article","og_title":"On m'a dit que je ne pouvais pas avoir un enfant! - Blog CoparentaLys","og_description":"Je suis Audrey et j&rsquo;ai 30 ans. Depuis 4 ans je partage ma vie avec Fanny, une jeune femme de","og_url":"https:\/\/www.coparentalys.com\/blog\/2018\/11\/08\/on-ma-dit-que-je-ne-pouvais-pas-avoir-un-enfant\/","og_site_name":"Blog CoparentaLys","article_publisher":"https:\/\/www.facebook.com\/coparentalite\/","article_published_time":"2018-11-08T12:38:56+00:00","article_modified_time":"2018-11-08T12:39:02+00:00","og_image":[{"width":493,"height":328,"url":"https:\/\/www.coparentalys.com\/blog\/wp-content\/uploads\/2018\/11\/couple-lesbien-desirant-etre-mamans-homoparentalit\u00e9-avoir-un-enfant.jpg","type":"image\/jpeg"}],"author":"admincoparentalys","twitter_card":"summary_large_image","twitter_creator":"@CoParentaLys","twitter_site":"@CoParentaLys","twitter_misc":{"\u00c9crit par":"admincoparentalys","Dur\u00e9e de lecture estim\u00e9e":"2 minutes"},"schema":{"@context":"https:\/\/schema.org","@graph":[{"@type":"Article","@id":"https:\/\/www.coparentalys.com\/blog\/2018\/11\/08\/on-ma-dit-que-je-ne-pouvais-pas-avoir-un-enfant\/#article","isPartOf":{"@id":"https:\/\/www.coparentalys.com\/blog\/2018\/11\/08\/on-ma-dit-que-je-ne-pouvais-pas-avoir-un-enfant\/"},"author":{"name":"admincoparentalys","@id":"https:\/\/www.coparentalys.com\/blog\/#\/schema\/person\/f5874233a536c2135c8d801b4a13c9ca"},"headline":"On m&rsquo;a dit que je ne pouvais pas avoir un enfant!","datePublished":"2018-11-08T12:38:56+00:00","dateModified":"2018-11-08T12:39:02+00:00","mainEntityOfPage":{"@id":"https:\/\/www.coparentalys.com\/blog\/2018\/11\/08\/on-ma-dit-que-je-ne-pouvais-pas-avoir-un-enfant\/"},"wordCount":430,"commentCount":0,"publisher":{"@id":"https:\/\/www.coparentalys.com\/blog\/#organization"},"articleSection":["Homoparentalit\u00e9"],"inLanguage":"fr-FR","potentialAction":[{"@type":"CommentAction","name":"Comment","target":["https:\/\/www.coparentalys.com\/blog\/2018\/11\/08\/on-ma-dit-que-je-ne-pouvais-pas-avoir-un-enfant\/#respond"]}]},{"@type":"WebPage","@id":"https:\/\/www.coparentalys.com\/blog\/2018\/11\/08\/on-ma-dit-que-je-ne-pouvais-pas-avoir-un-enfant\/","url":"https:\/\/www.coparentalys.com\/blog\/2018\/11\/08\/on-ma-dit-que-je-ne-pouvais-pas-avoir-un-enfant\/","name":"On m'a dit que je ne pouvais pas avoir un enfant! - Blog CoparentaLys","isPartOf":{"@id":"https:\/\/www.coparentalys.com\/blog\/#website"},"datePublished":"2018-11-08T12:38:56+00:00","dateModified":"2018-11-08T12:39:02+00:00","breadcrumb":{"@id":"https:\/\/www.coparentalys.com\/blog\/2018\/11\/08\/on-ma-dit-que-je-ne-pouvais-pas-avoir-un-enfant\/#breadcrumb"},"inLanguage":"fr-FR","potentialAction":[{"@type":"ReadAction","target":["https:\/\/www.coparentalys.com\/blog\/2018\/11\/08\/on-ma-dit-que-je-ne-pouvais-pas-avoir-un-enfant\/"]}]},{"@type":"BreadcrumbList","@id":"https:\/\/www.coparentalys.com\/blog\/2018\/11\/08\/on-ma-dit-que-je-ne-pouvais-pas-avoir-un-enfant\/#breadcrumb","itemListElement":[{"@type":"ListItem","position":1,"name":"Accueil","item":"https:\/\/www.coparentalys.com\/blog\/"},{"@type":"ListItem","position":2,"name":"On m&rsquo;a dit que je ne pouvais pas avoir un enfant!"}]},{"@type":"WebSite","@id":"https:\/\/www.coparentalys.com\/blog\/#website","url":"https:\/\/www.coparentalys.com\/blog\/","name":"Blog CoparentaLys","description":"","publisher":{"@id":"https:\/\/www.coparentalys.com\/blog\/#organization"},"potentialAction":[{"@type":"SearchAction","target":{"@type":"EntryPoint","urlTemplate":"https:\/\/www.coparentalys.com\/blog\/?s={search_term_string}"},"query-input":"required name=search_term_string"}],"inLanguage":"fr-FR"},{"@type":"Organization","@id":"https:\/\/www.coparentalys.com\/blog\/#organization","name":"CoparentaLys","url":"https:\/\/www.coparentalys.com\/blog\/","logo":{"@type":"ImageObject","inLanguage":"fr-FR","@id":"https:\/\/www.coparentalys.com\/blog\/#\/schema\/logo\/image\/","url":"https:\/\/www.coparentalys.com\/blog\/wp-content\/uploads\/2023\/06\/cropped-circle-coparentalys30px-1.png","contentUrl":"https:\/\/www.coparentalys.com\/blog\/wp-content\/uploads\/2023\/06\/cropped-circle-coparentalys30px-1.png","width":45,"height":45,"caption":"CoparentaLys"},"image":{"@id":"https:\/\/www.coparentalys.com\/blog\/#\/schema\/logo\/image\/"},"sameAs":["https:\/\/www.facebook.com\/coparentalite\/","https:\/\/twitter.com\/CoParentaLys"]},{"@type":"Person","@id":"https:\/\/www.coparentalys.com\/blog\/#\/schema\/person\/f5874233a536c2135c8d801b4a13c9ca","name":"admincoparentalys","image":{"@type":"ImageObject","inLanguage":"fr-FR","@id":"https:\/\/www.coparentalys.com\/blog\/#\/schema\/person\/image\/","url":"https:\/\/secure.gravatar.com\/avatar\/243501ee1647261106694fadee6cac52?s=96&d=mm&r=g","contentUrl":"https:\/\/secure.gravatar.com\/avatar\/243501ee1647261106694fadee6cac52?s=96&d=mm&r=g","caption":"admincoparentalys"},"url":"https:\/\/www.coparentalys.com\/blog\/author\/admincoparentalys\/"}]}},"_links":{"self":[{"href":"https:\/\/www.coparentalys.com\/blog\/wp-json\/wp\/v2\/posts\/84"}],"collection":[{"href":"https:\/\/www.coparentalys.com\/blog\/wp-json\/wp\/v2\/posts"}],"about":[{"href":"https:\/\/www.coparentalys.com\/blog\/wp-json\/wp\/v2\/types\/post"}],"author":[{"embeddable":true,"href":"https:\/\/www.coparentalys.com\/blog\/wp-json\/wp\/v2\/users\/1"}],"replies":[{"embeddable":true,"href":"https:\/\/www.coparentalys.com\/blog\/wp-json\/wp\/v2\/comments?post=84"}],"version-history":[{"count":1,"href":"https:\/\/www.coparentalys.com\/blog\/wp-json\/wp\/v2\/posts\/84\/revisions"}],"predecessor-version":[{"id":86,"href":"https:\/\/www.coparentalys.com\/blog\/wp-json\/wp\/v2\/posts\/84\/revisions\/86"}],"wp:featuredmedia":[{"embeddable":true,"href":"https:\/\/www.coparentalys.com\/blog\/wp-json\/wp\/v2\/media\/85"}],"wp:attachment":[{"href":"https:\/\/www.coparentalys.com\/blog\/wp-json\/wp\/v2\/media?parent=84"}],"wp:term":[{"taxonomy":"category","embeddable":true,"href":"https:\/\/www.coparentalys.com\/blog\/wp-json\/wp\/v2\/categories?post=84"},{"taxonomy":"post_tag","embeddable":true,"href":"https:\/\/www.coparentalys.com\/blog\/wp-json\/wp\/v2\/tags?post=84"}],"curies":[{"name":"wp","href":"https:\/\/api.w.org\/{rel}","templated":true}]}}