{"id":854,"date":"2020-06-15T08:15:20","date_gmt":"2020-06-15T06:15:20","guid":{"rendered":"https:\/\/www.coparentalys.com\/blog\/?p=854"},"modified":"2020-06-15T14:59:17","modified_gmt":"2020-06-15T12:59:17","slug":"coparent-partir-ensemble-en-vacances-ou-separement","status":"publish","type":"post","link":"https:\/\/www.coparentalys.com\/blog\/2020\/06\/15\/coparent-partir-ensemble-en-vacances-ou-separement\/","title":{"rendered":"Coparent\u00a0: partir ensemble en vacances ou s\u00e9par\u00e9ment\u2009?"},"content":{"rendered":"<p>\u00catre coparent, c\u2019est vivre une exp\u00e9rience familiale unique. D\u00e8s le d\u00e9but de la relation, il est important de d\u00e9terminer la mani\u00e8re dont la <a href=\"https:\/\/www.coparentalys.com\/blog\/2023\/06\/30\/la-famille-traditionnelle-toujours-desirable\/\">famille<\/a> sera g\u00e9r\u00e9e. De nombreux points importants peuvent \u00eatre abord\u00e9s pour bien g\u00e9rer une relation de coparentalit\u00e9 dans ce cas. Parmi les questions qui posent parfois probl\u00e8me, il y a le fait de trouver le meilleur compromis entre partir en vacances ensemble ou s\u00e9par\u00e9ment.<\/p>\n<h1><span style=\"color: #ff9900;\"><b>Qu\u2019est-ce que la coparentalit\u00e9\u2009?<\/b><\/span><\/h1>\n<p>La coparentalit\u00e9 est un mod\u00e8le familial dans lequel les parents ne sont pas forc\u00e9ment en couple. Cela signifie \u00e9galement qu\u2019ils peuvent ne pas vivre sous le m\u00eame toit. En coparentalit\u00e9, le nombre de parents ne se limite pas \u00e0 deux personnes. Un parent qui \u00e9l\u00e8ve seul un enfant peut, par exemple, devenir coparent avec un couple (h\u00e9t\u00e9ro ou homo).<\/p>\n<p>De nombreux avantages r\u00e9sident dans la coparentalit\u00e9. Il faut savoir que devenir coparent est plus simple contrairement au fait d\u2019adopter un enfant. Les proc\u00e9dures par lesquelles il faut passer sont plus flexibles. Un autre avantage, c\u2019est la r\u00e9duction des d\u00e9penses li\u00e9es \u00e0 l\u2019enfant \u00e9tant donn\u00e9 que les obligations seront partag\u00e9es entre les coparents.<\/p>\n<p>L\u2019enfant peut aussi trouver un certain avantage \u00e0 vivre en coparentalit\u00e9. Avec 4 parents, il est certain de recevoir toute l\u2019attention dont il aura besoin pour s\u2019\u00e9panouir pleinement. Mais fixer des r\u00e8gles sp\u00e9cifiques reste indispensable pour \u00e9viter que le d\u00e9sordre ne s\u2019immisce dans la vie familiale.<\/p>\n<p>Certains points essentiels tels que les tours de garde ou encore la gestion des frais li\u00e9s \u00e0 l\u2019enfant (sant\u00e9, scolarit\u00e9, etc.) doivent \u00eatre d\u00e9termin\u00e9s d\u2019un commun accord entre les parents. R\u00e9ussir \u00e0 s\u2019accorder sur le moment opportun pour se r\u00e9unir tous ensemble avec l\u2019enfant est \u00e9galement n\u00e9cessaire.<\/p>\n<p>Il en va de m\u00eame sur le fait de d\u00e9terminer si les parents garderont tour \u00e0 tour l\u2019enfant ou s\u2019ils partiront tous ensemble en vacances.<\/p>\n<h1><span style=\"color: #ff9900;\"><b>La garde de l\u2019enfant<\/b><\/span><\/h1>\n<p>La garde de l\u2019enfant pendant les vacances est une question importante \u00e0 laquelle doivent penser les coparents. Elle peut s\u2019effectuer de diff\u00e9rentes mani\u00e8res, ce qui peut affecter la gestion de la coparentalit\u00e9 en g\u00e9n\u00e9ral.<\/p>\n<p>Il est par exemple possible d\u2019alterner chaque ann\u00e9e la garde de l\u2019enfant durant les vacances. Ce syst\u00e8me permet aux coparents de pr\u00e9parer les activit\u00e9s qu\u2019ils effectueront durant les vacances sans avoir \u00e0 se consulter entre eux. C\u2019est aussi un choix int\u00e9ressant pour les coparents dont les emplois du temps ne concordent pas forc\u00e9ment. L\u2019inconv\u00e9nient, c\u2019est que l\u2019un des parents aura \u00e0 passer ses vacances tout seul.<\/p>\n<p>Pour \u00e9viter ce d\u00e9sagr\u00e9ment, il est possible d\u2019opter pour un temps de garde \u00e9gal. L\u2019enfant peut par exemple passer la premi\u00e8re partie de ses vacances avec l\u2019un des coparents et aller chez l\u2019autre coparent durant la seconde partie des p\u00e9riodes de vacances. Les coparents peuvent aussi se mettre d\u2019accord sur leur p\u00e9riode de garde respectif. L\u2019un des parents peut passer les vacances d\u2019\u00e9t\u00e9 avec l\u2019enfant, et l\u2019autre parent aura la garde durant les vacances d\u2019hiver.<\/p>\n<h1><span style=\"color: #ff9900;\"><b>Chacun de leurs c\u00f4t\u00e9 ou ensemble\u2009?<\/b><\/span><\/h1>\n<p>La r\u00e9ponse \u00e0 cette question d\u00e9pend de la mani\u00e8re dont chacun compte g\u00e9rer sa famille. Il n\u2019y a pas de mauvais choix bien que partir en vacances ensemble peut avoir un aspect positif. Les vacances sont une occasion de se d\u00e9tendre et de se rapprocher de sa famille. C\u2019est aussi une chance pour les coparents de faire des activit\u00e9s ensemble avec leurs enfants.<\/p>\n<p>M\u00eame si passer les vacances ensemble est le meilleur choix, il se peut que cette solution ne soit pas toujours possible. Les obligations de chaque coparent ne sont pas les m\u00eames. Il se peut que l\u2019un des parents ne soit pas disponible. \u00c0 ce moment, l\u2019enfant devra passer ses vacances avec le ou les autres coparents. L\u2019autre coparent pourra ensuite se rattraper pendant les prochaines vacances.<\/p>\n<p>Il est important pour l\u2019enfant de voir ses coparents ensemble le plus souvent possible. Cela amoindrit l\u2019impression pour lui de vivre avec deux familles s\u00e9par\u00e9es. D\u2019autre part, les coparents doivent savoir s\u2019accorder sur les pr\u00e9paratifs de leurs vacances. Le fait d\u2019organiser les vacances chacun de leur c\u00f4t\u00e9 risque de semer le chaos.<\/p>\n<h1><span style=\"color: #ff9900;\"><b>Pr\u00e9parer ses vacances en coparentalit\u00e9<\/b><\/span><\/h1>\n<p>En coparentalit\u00e9, la communication est un \u00e9l\u00e9ment essentiel pour assurer le bon fonctionnement de la vie de famille. Sans communication, les disputes peuvent survenir fr\u00e9quemment. Les coparents risquent de ne pas tomber d\u2019accord sur diff\u00e9rents points comme le tour de garde de l\u2019enfant, l\u2019achat des fournitures, etc.<\/p>\n<p>Si les coparents d\u00e9cident de partir en vacances ensemble, ils doivent avant tout se mettre d\u2019accord sur les dates de d\u00e9part et de retour. Ils doivent aussi s\u2019accorder sur la destination \u00e0 choisir. Les envies de chaque coparent peuvent diff\u00e9rer, et il sera n\u00e9cessaire de trouver un terrain d\u2019entente.<\/p>\n<p>Pour que tout le monde puisse se mettre d\u2019accord, il est possible de demander l\u2019avis de l\u2019enfant. Mais il faut savoir que les vacances ne sont pas uniquement destin\u00e9es \u00e0 ce dernier. Les coparents doivent pouvoir profiter de ces quelques jours de d\u00e9tente pour faire des activit\u00e9s qui leur plaisent. Dans ce cas, diverses solutions sont possibles.<\/p>\n<p>Les coparents peuvent confier l\u2019enfant \u00e0 un club enfant pendant deux ou trois demi-journ\u00e9es. Cela leur permettra d\u2019avoir du temps pour eux afin qu\u2019ils puissent recharger leur batterie. Ils peuvent aussi d\u00e9cider de faire des activit\u00e9s ensemble ou se divertir chacun de leur c\u00f4t\u00e9. L\u2019enfant pourra toujours passer quelques moments avec eux tout au long de leurs vacances.<\/p>\n<h1><span style=\"color: #ff9900;\"><b>Penser aux d\u00e9tails habituels<\/b><\/span><\/h1>\n<p>\u00c0 part le choix de la destination, il faut \u00e9galement penser aux budgets \u00e0 allouer aux vacances. En d\u00e9cidant de partir tous ensemble, les coparents doivent se mettre d\u2019accord sur qui va effectuer les r\u00e9servations, qui va acheter les billets, etc.<\/p>\n<p>Une fois sur le lieu de vacances, les coparents peuvent facilement d\u00e9terminer les p\u00e9riodes de garde de l\u2019enfant et se mettre d\u2019accord sur les activit\u00e9s \u00e0 faire. Ils peuvent se concerter pour savoir lequel accompagnera l\u2019enfant \u00e0 telle attraction, qui s\u2019occupera des divers frais tels que les transports, etc.<\/p>\n<p>Partir en voyage pour les vacances n\u2019est pas toujours obligatoire. L\u2019enfant peut tout aussi bien passer quelque temps avec ses coparents \u00e0 la maison. Dans le cas d\u2019un enfant d\u2019un certain \u00e2ge, les coparents peuvent simplement le laisser vaquer \u00e0 ses occupations. En effet, les enfants ont \u00e9galement besoin d\u2019\u00eatre seuls.<\/p>\n<p>Si vous avez d\u00e9cid\u00e9 de faire une f\u00eate en famille pendant les vacances, l\u2019organisation requise reste similaire. Vous devrez vous mettre d\u2019accord sur, chez quel parent la f\u00eate aura-t-elle lieu, qu\u2019est-ce qu\u2019il y aura au diner, etc.<\/p>\n<h1><span style=\"color: #ff9900;\"><b>Bien choisir un coparent<span class=\"Apple-converted-space\">\u00a0<\/span><\/b><\/span><\/h1>\n<p>\u00c9laborer des projets entre coparents requiert d\u2019\u00eatre communicatif. Pour que le courant passe facilement entre les coparents, ils doivent avant tout avoir une bonne affinit\u00e9. Avec une mauvaise communication, la relation de coparentalit\u00e9 risque de rapidement s\u2019envenimer au fil du temps. Pour cette raison, il est imp\u00e9ratif de bien choisir ses coparents.<\/p>\n<p>Trouver le bon coparent peut \u00eatre compliqu\u00e9. Dans l\u2019id\u00e9al, il est possible que les meilleurs amis de l\u2019un des parents se proposent pour devenir coparents. Mais souvent, aucune personne de l\u2019entourage du parent n\u2019est v\u00e9ritablement pr\u00eate \u00e0 devenir coparent.<\/p>\n<p><b>Si vous vous trouvez dans ce genre de situation, une solution simple s\u2019offre \u00e0 vous. Inscrivez-vous sur Coparentalys. C\u2019est une plateforme de rencontre en ligne d\u00e9di\u00e9e aux personnes ayant pour projet de devenir coparents. Vous y trouverez diff\u00e9rents profils de couples ou de personnes d\u00e9sireuses de s\u2019investir en tant que coparents. Bien entendu, comme sur n\u2019importe quel site de rencontres, vous aurez besoin de discuter avec les membres pour trouver les bons coparents. Vous devrez poser les questions essentielles et organiser des rencontres avec les coparents de votre choix.<\/b><\/p>\n","protected":false},"excerpt":{"rendered":"<p>\u00catre coparent, c\u2019est vivre une exp\u00e9rience familiale unique. D\u00e8s le d\u00e9but de la relation, il est important de d\u00e9terminer la<\/p>\n","protected":false},"author":1,"featured_media":855,"comment_status":"closed","ping_status":"closed","sticky":false,"template":"","format":"standard","meta":[],"categories":[2],"tags":[],"yoast_head":"<!-- This site is optimized with the Yoast SEO plugin v20.12 - https:\/\/yoast.com\/wordpress\/plugins\/seo\/ -->\n<title>Coparent\u00a0: partir ensemble en vacances ou s\u00e9par\u00e9ment\u2009? - Blog CoparentaLys<\/title>\n<meta name=\"robots\" content=\"index, follow, max-snippet:-1, max-image-preview:large, max-video-preview:-1\" \/>\n<link rel=\"canonical\" href=\"https:\/\/www.coparentalys.com\/blog\/2020\/06\/15\/coparent-partir-ensemble-en-vacances-ou-separement\/\" \/>\n<meta property=\"og:locale\" content=\"fr_FR\" \/>\n<meta property=\"og:type\" content=\"article\" \/>\n<meta property=\"og:title\" content=\"Coparent\u00a0: partir ensemble en vacances ou s\u00e9par\u00e9ment\u2009? - Blog CoparentaLys\" \/>\n<meta property=\"og:description\" content=\"\u00catre coparent, c\u2019est vivre une exp\u00e9rience familiale unique. D\u00e8s le d\u00e9but de la relation, il est important de d\u00e9terminer la\" \/>\n<meta property=\"og:url\" content=\"https:\/\/www.coparentalys.com\/blog\/2020\/06\/15\/coparent-partir-ensemble-en-vacances-ou-separement\/\" \/>\n<meta property=\"og:site_name\" content=\"Blog CoparentaLys\" \/>\n<meta property=\"article:publisher\" content=\"https:\/\/www.facebook.com\/coparentalite\/\" \/>\n<meta property=\"article:published_time\" content=\"2020-06-15T06:15:20+00:00\" \/>\n<meta property=\"article:modified_time\" content=\"2020-06-15T12:59:17+00:00\" \/>\n<meta property=\"og:image\" content=\"https:\/\/www.coparentalys.com\/blog\/wp-content\/uploads\/2020\/06\/carefree-family-enjoying-vacation-F2YBL83.jpg\" \/>\n\t<meta property=\"og:image:width\" content=\"1200\" \/>\n\t<meta property=\"og:image:height\" content=\"800\" \/>\n\t<meta property=\"og:image:type\" content=\"image\/jpeg\" \/>\n<meta name=\"author\" content=\"admincoparentalys\" \/>\n<meta name=\"twitter:card\" content=\"summary_large_image\" \/>\n<meta name=\"twitter:creator\" content=\"@CoParentaLys\" \/>\n<meta name=\"twitter:site\" content=\"@CoParentaLys\" \/>\n<meta name=\"twitter:label1\" content=\"\u00c9crit par\" \/>\n\t<meta name=\"twitter:data1\" content=\"admincoparentalys\" \/>\n\t<meta name=\"twitter:label2\" content=\"Dur\u00e9e de lecture estim\u00e9e\" \/>\n\t<meta name=\"twitter:data2\" content=\"7 minutes\" \/>\n<script type=\"application\/ld+json\" class=\"yoast-schema-graph\">{\"@context\":\"https:\/\/schema.org\",\"@graph\":[{\"@type\":\"Article\",\"@id\":\"https:\/\/www.coparentalys.com\/blog\/2020\/06\/15\/coparent-partir-ensemble-en-vacances-ou-separement\/#article\",\"isPartOf\":{\"@id\":\"https:\/\/www.coparentalys.com\/blog\/2020\/06\/15\/coparent-partir-ensemble-en-vacances-ou-separement\/\"},\"author\":{\"name\":\"admincoparentalys\",\"@id\":\"https:\/\/www.coparentalys.com\/blog\/#\/schema\/person\/f5874233a536c2135c8d801b4a13c9ca\"},\"headline\":\"Coparent\u00a0: partir ensemble en vacances ou s\u00e9par\u00e9ment\u2009?\",\"datePublished\":\"2020-06-15T06:15:20+00:00\",\"dateModified\":\"2020-06-15T12:59:17+00:00\",\"mainEntityOfPage\":{\"@id\":\"https:\/\/www.coparentalys.com\/blog\/2020\/06\/15\/coparent-partir-ensemble-en-vacances-ou-separement\/\"},\"wordCount\":1414,\"publisher\":{\"@id\":\"https:\/\/www.coparentalys.com\/blog\/#organization\"},\"articleSection\":[\"Coparentalit\u00e9\"],\"inLanguage\":\"fr-FR\"},{\"@type\":\"WebPage\",\"@id\":\"https:\/\/www.coparentalys.com\/blog\/2020\/06\/15\/coparent-partir-ensemble-en-vacances-ou-separement\/\",\"url\":\"https:\/\/www.coparentalys.com\/blog\/2020\/06\/15\/coparent-partir-ensemble-en-vacances-ou-separement\/\",\"name\":\"Coparent\u00a0: partir ensemble en vacances ou s\u00e9par\u00e9ment\u2009? - Blog CoparentaLys\",\"isPartOf\":{\"@id\":\"https:\/\/www.coparentalys.com\/blog\/#website\"},\"datePublished\":\"2020-06-15T06:15:20+00:00\",\"dateModified\":\"2020-06-15T12:59:17+00:00\",\"breadcrumb\":{\"@id\":\"https:\/\/www.coparentalys.com\/blog\/2020\/06\/15\/coparent-partir-ensemble-en-vacances-ou-separement\/#breadcrumb\"},\"inLanguage\":\"fr-FR\",\"potentialAction\":[{\"@type\":\"ReadAction\",\"target\":[\"https:\/\/www.coparentalys.com\/blog\/2020\/06\/15\/coparent-partir-ensemble-en-vacances-ou-separement\/\"]}]},{\"@type\":\"BreadcrumbList\",\"@id\":\"https:\/\/www.coparentalys.com\/blog\/2020\/06\/15\/coparent-partir-ensemble-en-vacances-ou-separement\/#breadcrumb\",\"itemListElement\":[{\"@type\":\"ListItem\",\"position\":1,\"name\":\"Accueil\",\"item\":\"https:\/\/www.coparentalys.com\/blog\/\"},{\"@type\":\"ListItem\",\"position\":2,\"name\":\"Coparent\u00a0: partir ensemble en vacances ou s\u00e9par\u00e9ment\u2009?\"}]},{\"@type\":\"WebSite\",\"@id\":\"https:\/\/www.coparentalys.com\/blog\/#website\",\"url\":\"https:\/\/www.coparentalys.com\/blog\/\",\"name\":\"Blog CoparentaLys\",\"description\":\"\",\"publisher\":{\"@id\":\"https:\/\/www.coparentalys.com\/blog\/#organization\"},\"potentialAction\":[{\"@type\":\"SearchAction\",\"target\":{\"@type\":\"EntryPoint\",\"urlTemplate\":\"https:\/\/www.coparentalys.com\/blog\/?s={search_term_string}\"},\"query-input\":\"required name=search_term_string\"}],\"inLanguage\":\"fr-FR\"},{\"@type\":\"Organization\",\"@id\":\"https:\/\/www.coparentalys.com\/blog\/#organization\",\"name\":\"CoparentaLys\",\"url\":\"https:\/\/www.coparentalys.com\/blog\/\",\"logo\":{\"@type\":\"ImageObject\",\"inLanguage\":\"fr-FR\",\"@id\":\"https:\/\/www.coparentalys.com\/blog\/#\/schema\/logo\/image\/\",\"url\":\"https:\/\/www.coparentalys.com\/blog\/wp-content\/uploads\/2023\/06\/cropped-circle-coparentalys30px-1.png\",\"contentUrl\":\"https:\/\/www.coparentalys.com\/blog\/wp-content\/uploads\/2023\/06\/cropped-circle-coparentalys30px-1.png\",\"width\":45,\"height\":45,\"caption\":\"CoparentaLys\"},\"image\":{\"@id\":\"https:\/\/www.coparentalys.com\/blog\/#\/schema\/logo\/image\/\"},\"sameAs\":[\"https:\/\/www.facebook.com\/coparentalite\/\",\"https:\/\/twitter.com\/CoParentaLys\"]},{\"@type\":\"Person\",\"@id\":\"https:\/\/www.coparentalys.com\/blog\/#\/schema\/person\/f5874233a536c2135c8d801b4a13c9ca\",\"name\":\"admincoparentalys\",\"image\":{\"@type\":\"ImageObject\",\"inLanguage\":\"fr-FR\",\"@id\":\"https:\/\/www.coparentalys.com\/blog\/#\/schema\/person\/image\/\",\"url\":\"https:\/\/secure.gravatar.com\/avatar\/243501ee1647261106694fadee6cac52?s=96&d=mm&r=g\",\"contentUrl\":\"https:\/\/secure.gravatar.com\/avatar\/243501ee1647261106694fadee6cac52?s=96&d=mm&r=g\",\"caption\":\"admincoparentalys\"},\"url\":\"https:\/\/www.coparentalys.com\/blog\/author\/admincoparentalys\/\"}]}<\/script>\n<!-- \/ Yoast SEO plugin. -->","yoast_head_json":{"title":"Coparent\u00a0: partir ensemble en vacances ou s\u00e9par\u00e9ment\u2009? - Blog CoparentaLys","robots":{"index":"index","follow":"follow","max-snippet":"max-snippet:-1","max-image-preview":"max-image-preview:large","max-video-preview":"max-video-preview:-1"},"canonical":"https:\/\/www.coparentalys.com\/blog\/2020\/06\/15\/coparent-partir-ensemble-en-vacances-ou-separement\/","og_locale":"fr_FR","og_type":"article","og_title":"Coparent\u00a0: partir ensemble en vacances ou s\u00e9par\u00e9ment\u2009? - Blog CoparentaLys","og_description":"\u00catre coparent, c\u2019est vivre une exp\u00e9rience familiale unique. D\u00e8s le d\u00e9but de la relation, il est important de d\u00e9terminer la","og_url":"https:\/\/www.coparentalys.com\/blog\/2020\/06\/15\/coparent-partir-ensemble-en-vacances-ou-separement\/","og_site_name":"Blog CoparentaLys","article_publisher":"https:\/\/www.facebook.com\/coparentalite\/","article_published_time":"2020-06-15T06:15:20+00:00","article_modified_time":"2020-06-15T12:59:17+00:00","og_image":[{"width":1200,"height":800,"url":"https:\/\/www.coparentalys.com\/blog\/wp-content\/uploads\/2020\/06\/carefree-family-enjoying-vacation-F2YBL83.jpg","type":"image\/jpeg"}],"author":"admincoparentalys","twitter_card":"summary_large_image","twitter_creator":"@CoParentaLys","twitter_site":"@CoParentaLys","twitter_misc":{"\u00c9crit par":"admincoparentalys","Dur\u00e9e de lecture estim\u00e9e":"7 minutes"},"schema":{"@context":"https:\/\/schema.org","@graph":[{"@type":"Article","@id":"https:\/\/www.coparentalys.com\/blog\/2020\/06\/15\/coparent-partir-ensemble-en-vacances-ou-separement\/#article","isPartOf":{"@id":"https:\/\/www.coparentalys.com\/blog\/2020\/06\/15\/coparent-partir-ensemble-en-vacances-ou-separement\/"},"author":{"name":"admincoparentalys","@id":"https:\/\/www.coparentalys.com\/blog\/#\/schema\/person\/f5874233a536c2135c8d801b4a13c9ca"},"headline":"Coparent\u00a0: partir ensemble en vacances ou s\u00e9par\u00e9ment\u2009?","datePublished":"2020-06-15T06:15:20+00:00","dateModified":"2020-06-15T12:59:17+00:00","mainEntityOfPage":{"@id":"https:\/\/www.coparentalys.com\/blog\/2020\/06\/15\/coparent-partir-ensemble-en-vacances-ou-separement\/"},"wordCount":1414,"publisher":{"@id":"https:\/\/www.coparentalys.com\/blog\/#organization"},"articleSection":["Coparentalit\u00e9"],"inLanguage":"fr-FR"},{"@type":"WebPage","@id":"https:\/\/www.coparentalys.com\/blog\/2020\/06\/15\/coparent-partir-ensemble-en-vacances-ou-separement\/","url":"https:\/\/www.coparentalys.com\/blog\/2020\/06\/15\/coparent-partir-ensemble-en-vacances-ou-separement\/","name":"Coparent\u00a0: partir ensemble en vacances ou s\u00e9par\u00e9ment\u2009? - Blog CoparentaLys","isPartOf":{"@id":"https:\/\/www.coparentalys.com\/blog\/#website"},"datePublished":"2020-06-15T06:15:20+00:00","dateModified":"2020-06-15T12:59:17+00:00","breadcrumb":{"@id":"https:\/\/www.coparentalys.com\/blog\/2020\/06\/15\/coparent-partir-ensemble-en-vacances-ou-separement\/#breadcrumb"},"inLanguage":"fr-FR","potentialAction":[{"@type":"ReadAction","target":["https:\/\/www.coparentalys.com\/blog\/2020\/06\/15\/coparent-partir-ensemble-en-vacances-ou-separement\/"]}]},{"@type":"BreadcrumbList","@id":"https:\/\/www.coparentalys.com\/blog\/2020\/06\/15\/coparent-partir-ensemble-en-vacances-ou-separement\/#breadcrumb","itemListElement":[{"@type":"ListItem","position":1,"name":"Accueil","item":"https:\/\/www.coparentalys.com\/blog\/"},{"@type":"ListItem","position":2,"name":"Coparent\u00a0: partir ensemble en vacances ou s\u00e9par\u00e9ment\u2009?"}]},{"@type":"WebSite","@id":"https:\/\/www.coparentalys.com\/blog\/#website","url":"https:\/\/www.coparentalys.com\/blog\/","name":"Blog CoparentaLys","description":"","publisher":{"@id":"https:\/\/www.coparentalys.com\/blog\/#organization"},"potentialAction":[{"@type":"SearchAction","target":{"@type":"EntryPoint","urlTemplate":"https:\/\/www.coparentalys.com\/blog\/?s={search_term_string}"},"query-input":"required name=search_term_string"}],"inLanguage":"fr-FR"},{"@type":"Organization","@id":"https:\/\/www.coparentalys.com\/blog\/#organization","name":"CoparentaLys","url":"https:\/\/www.coparentalys.com\/blog\/","logo":{"@type":"ImageObject","inLanguage":"fr-FR","@id":"https:\/\/www.coparentalys.com\/blog\/#\/schema\/logo\/image\/","url":"https:\/\/www.coparentalys.com\/blog\/wp-content\/uploads\/2023\/06\/cropped-circle-coparentalys30px-1.png","contentUrl":"https:\/\/www.coparentalys.com\/blog\/wp-content\/uploads\/2023\/06\/cropped-circle-coparentalys30px-1.png","width":45,"height":45,"caption":"CoparentaLys"},"image":{"@id":"https:\/\/www.coparentalys.com\/blog\/#\/schema\/logo\/image\/"},"sameAs":["https:\/\/www.facebook.com\/coparentalite\/","https:\/\/twitter.com\/CoParentaLys"]},{"@type":"Person","@id":"https:\/\/www.coparentalys.com\/blog\/#\/schema\/person\/f5874233a536c2135c8d801b4a13c9ca","name":"admincoparentalys","image":{"@type":"ImageObject","inLanguage":"fr-FR","@id":"https:\/\/www.coparentalys.com\/blog\/#\/schema\/person\/image\/","url":"https:\/\/secure.gravatar.com\/avatar\/243501ee1647261106694fadee6cac52?s=96&d=mm&r=g","contentUrl":"https:\/\/secure.gravatar.com\/avatar\/243501ee1647261106694fadee6cac52?s=96&d=mm&r=g","caption":"admincoparentalys"},"url":"https:\/\/www.coparentalys.com\/blog\/author\/admincoparentalys\/"}]}},"_links":{"self":[{"href":"https:\/\/www.coparentalys.com\/blog\/wp-json\/wp\/v2\/posts\/854"}],"collection":[{"href":"https:\/\/www.coparentalys.com\/blog\/wp-json\/wp\/v2\/posts"}],"about":[{"href":"https:\/\/www.coparentalys.com\/blog\/wp-json\/wp\/v2\/types\/post"}],"author":[{"embeddable":true,"href":"https:\/\/www.coparentalys.com\/blog\/wp-json\/wp\/v2\/users\/1"}],"replies":[{"embeddable":true,"href":"https:\/\/www.coparentalys.com\/blog\/wp-json\/wp\/v2\/comments?post=854"}],"version-history":[{"count":1,"href":"https:\/\/www.coparentalys.com\/blog\/wp-json\/wp\/v2\/posts\/854\/revisions"}],"predecessor-version":[{"id":856,"href":"https:\/\/www.coparentalys.com\/blog\/wp-json\/wp\/v2\/posts\/854\/revisions\/856"}],"wp:featuredmedia":[{"embeddable":true,"href":"https:\/\/www.coparentalys.com\/blog\/wp-json\/wp\/v2\/media\/855"}],"wp:attachment":[{"href":"https:\/\/www.coparentalys.com\/blog\/wp-json\/wp\/v2\/media?parent=854"}],"wp:term":[{"taxonomy":"category","embeddable":true,"href":"https:\/\/www.coparentalys.com\/blog\/wp-json\/wp\/v2\/categories?post=854"},{"taxonomy":"post_tag","embeddable":true,"href":"https:\/\/www.coparentalys.com\/blog\/wp-json\/wp\/v2\/tags?post=854"}],"curies":[{"name":"wp","href":"https:\/\/api.w.org\/{rel}","templated":true}]}}